{"id":1722,"date":"2008-03-20T22:11:00","date_gmt":"2008-03-20T22:11:00","guid":{"rendered":"http:\/\/www.toque-musicall.com\/?p=1722"},"modified":"2008-03-20T22:11:00","modified_gmt":"2008-03-20T22:11:00","slug":"lucio-cardim-matriz-ou-filial-1978","status":"publish","type":"post","link":"https:\/\/www.toque-musicall.com\/?p=1722","title":{"rendered":"L\u00facio Cardim &#8211; Matriz Ou Filial (1978)"},"content":{"rendered":"<p><a href=\"http:\/\/4.bp.blogspot.com\/_DSKVEvHtskc\/R-Lr8Zb2CeI\/AAAAAAAABOA\/kvLVotKE9pI\/s1600-h\/LCPP.JPG\"><img decoding=\"async\" id=\"BLOGGER_PHOTO_ID_5179961944281844194\" style=\"DISPLAY: block; MARGIN: 0px auto 10px; CURSOR: hand; TEXT-ALIGN: center\" alt=\"\" src=\"http:\/\/4.bp.blogspot.com\/_DSKVEvHtskc\/R-Lr8Zb2CeI\/AAAAAAAABOA\/kvLVotKE9pI\/s400\/LCPP.JPG\" border=\"0\" \/><\/a> Muita gente por a\u00ed ainda acredita que &#8220;Matriz ou Filial&#8221;, m\u00fasica que fez sucesso na voz de Jamel\u00e3o, seja de Lupic\u00ednio Rodrigues. Mas esse samba-can\u00e7\u00e3o \u00e9 do paulista Lucio Cardim.<\/p>\n<div align=\"left\">Ao baterem o olho nesta imagem, quem conhece o artista h\u00e1 de perguntar: que disco \u00e9 este?<\/div>\n<div align=\"left\">Seria mesmo de chamar a aten\u00e7\u00e3o sabendo que Lucio gravou apenas um disco. Este aqui \u00e9 na verdade um registro feito pelo pr\u00f3prio compositor. Como ele mesmo diz em seu mon\u00f3logo de abertura &#8220;Ficha Cadastral&#8221;: <em>&#8220;As m\u00fasicas contidas nessa fita s\u00e3o todas de minha autoria e eu as estou interpretando. No acompanhamento ao viol\u00e3o tamb\u00e9m s\u00e3o feitos por mim. Esta fita n\u00e3o se encontra no mercado para venda, porque \u00e9 particular e dedicada a voc\u00ea em especial. Observe minha dedicat\u00f3ria no verso da mesma.&#8221; <\/em><\/div>\n<div align=\"left\">Curioso, n\u00e3o? Sem d\u00favida uma grava\u00e7\u00e3o caseira, no melhor estilo rom\u00e2tinco e apaixonado. Quem seria essa pessoa especial? Se tiv\u00e9ssemos uma c\u00f3pia da capa da fita com a dedicat\u00f3ria ficaria f\u00e1cil&#8230; Foi na car\u00eancia de um encarte que acabei criando este para assim apresentar os arquivos que recebi de colabora\u00e7\u00e3o a um tempo atr\u00e1s. <\/div>\n<div align=\"left\">Olha a\u00ed amigo an\u00f4nimo, aqui est\u00e1 sua preciosidade publicada, com uma capinha simples mas eficiente &#8211; apenas para criar uma identidade visual nesta postagem. Os coment\u00e1rios est\u00e3o abertos para cr\u00edticas, sugest\u00f5es&#8230; <\/div>\n<p><\/p>\n<div align=\"left\">PS: Quero fazer uma corre\u00e7\u00e3o. Esta grava\u00e7\u00e3o, foi lan\u00e7ada sim, em cd a um tempo atr\u00e1s e eu n\u00e3o sabia. Gra\u00e7as a ajuda de nosso amigo Neco, que gentilmente me alertou para o fato, enviando o encarte original. Valeu garoto!<\/div>\n<p><img decoding=\"async\" id=\"BLOGGER_PHOTO_ID_5187824019545876210\" style=\"DISPLAY: block; MARGIN: 0px auto 10px; CURSOR: hand; TEXT-ALIGN: center\" alt=\"\" src=\"http:\/\/3.bp.blogspot.com\/_DSKVEvHtskc\/R_7adaJFZvI\/AAAAAAAABRw\/XAMsGvfDs0o\/s400\/Lucio+P.JPG\" border=\"0\" \/><\/p>\n<div align=\"center\">mon\u00f3logo &#8211; ficha cadastral<\/div>\n<div align=\"center\">matriz ou filial<\/div>\n<div align=\"center\">ressaca<\/div>\n<div align=\"center\">conflitos emocionais<\/div>\n<div align=\"center\">obra prima<\/div>\n<div align=\"center\">ela \u00e9 assim<\/div>\n<div align=\"center\">mon\u00f3logo &#8211; artista sem plat\u00e9ia<\/div>\n<div align=\"center\">teu amor \u00e9 minha vida<\/div>\n<div align=\"center\">\u00eata dor de cotovelo<\/div>\n<div align=\"center\">resolvido<\/div>\n<div align=\"center\">a chance<\/div>\n<div align=\"center\">mon\u00f3logo &#8211; nem um segundo a perder<\/div>\n<div align=\"center\">dois cora\u00e7\u00f5es e um grande amor<\/div>\n<div align=\"center\">pergunte a deus<\/div>\n<div align=\"center\">mon\u00f3logo &#8211; o amor \u00e9 um jogo de empate<\/div>\n<div align=\"center\">quitame la vida <\/div>\n<div align=\"center\">lado da felicidade<\/div>\n<div align=\"center\">porque motivo<\/div>\n<div align=\"center\">conversando com a solid\u00e3o<\/div>\n<div align=\"center\">a m\u00e1goa<\/div>\n<div align=\"center\">chora<\/div>\n<div align=\"center\">deus perdoa<\/div>\n<div align=\"center\">nossa cartinha<\/div>\n<div align=\"center\">prel\u00fadio de um cora\u00e7\u00e3o tristonho<\/div>\n<div align=\"center\"><\/div>\n<div align=\"center\"><\/div>\n<div align=\"center\"> <\/div>\n","protected":false},"excerpt":{"rendered":"<p>Muita gente por a\u00ed ainda acredita que &#8220;Matriz ou Filial&#8221;, m\u00fasica que fez sucesso na voz de Jamel\u00e3o, seja de Lupic\u00ednio Rodrigues. Mas esse samba-can\u00e7\u00e3o \u00e9 do paulista Lucio Cardim. Ao baterem o olho nesta imagem, quem conhece o artista &hellip; <a href=\"https:\/\/www.toque-musicall.com\/?p=1722\">Continue lendo <span class=\"meta-nav\">&rarr;<\/span><\/a><\/p>\n","protected":false},"author":1,"featured_media":0,"comment_status":"open","ping_status":"closed","sticky":false,"template":"","format":"standard","meta":{"footnotes":""},"categories":[1765],"tags":[],"class_list":["post-1722","post","type-post","status-publish","format-standard","hentry","category-lucio-cardim"],"_links":{"self":[{"href":"https:\/\/www.toque-musicall.com\/index.php?rest_route=\/wp\/v2\/posts\/1722","targetHints":{"allow":["GET"]}}],"collection":[{"href":"https:\/\/www.toque-musicall.com\/index.php?rest_route=\/wp\/v2\/posts"}],"about":[{"href":"https:\/\/www.toque-musicall.com\/index.php?rest_route=\/wp\/v2\/types\/post"}],"author":[{"embeddable":true,"href":"https:\/\/www.toque-musicall.com\/index.php?rest_route=\/wp\/v2\/users\/1"}],"replies":[{"embeddable":true,"href":"https:\/\/www.toque-musicall.com\/index.php?rest_route=%2Fwp%2Fv2%2Fcomments&post=1722"}],"version-history":[{"count":0,"href":"https:\/\/www.toque-musicall.com\/index.php?rest_route=\/wp\/v2\/posts\/1722\/revisions"}],"wp:attachment":[{"href":"https:\/\/www.toque-musicall.com\/index.php?rest_route=%2Fwp%2Fv2%2Fmedia&parent=1722"}],"wp:term":[{"taxonomy":"category","embeddable":true,"href":"https:\/\/www.toque-musicall.com\/index.php?rest_route=%2Fwp%2Fv2%2Fcategories&post=1722"},{"taxonomy":"post_tag","embeddable":true,"href":"https:\/\/www.toque-musicall.com\/index.php?rest_route=%2Fwp%2Fv2%2Ftags&post=1722"}],"curies":[{"name":"wp","href":"https:\/\/api.w.org\/{rel}","templated":true}]}}