{"id":1723,"date":"2008-03-19T17:00:00","date_gmt":"2008-03-19T17:00:00","guid":{"rendered":"http:\/\/www.toque-musicall.com\/?p=1723"},"modified":"2008-03-19T17:00:00","modified_gmt":"2008-03-19T17:00:00","slug":"silvio-caldas-ary-barroso-na-voz-de-silvio-caldas-1968","status":"publish","type":"post","link":"https:\/\/www.toque-musicall.com\/?p=1723","title":{"rendered":"Silvio Caldas &#8211; Ary Barroso Na Voz de Silvio Caldas (1968)"},"content":{"rendered":"<div align=\"left\"><a href=\"http:\/\/1.bp.blogspot.com\/_DSKVEvHtskc\/R-FHs2mSRPI\/AAAAAAAABNk\/SBrCstbhPLQ\/s1600-h\/Silvio+Caldas+-+Ary+Barroso+P.JPG\"><img decoding=\"async\" id=\"BLOGGER_PHOTO_ID_5179499882348692722\" style=\"DISPLAY: block; MARGIN: 0px auto 10px; CURSOR: hand; TEXT-ALIGN: center\" alt=\"\" src=\"http:\/\/1.bp.blogspot.com\/_DSKVEvHtskc\/R-FHs2mSRPI\/AAAAAAAABNk\/SBrCstbhPLQ\/s400\/Silvio+Caldas+-+Ary+Barroso+P.JPG\" border=\"0\" \/><\/a> Boa noite meus caros amigos. Hoje \u00e9 quarta-feira, mas t\u00e1 com a s\u00eade de sexta. Vamos logo para o que interessa porque se n\u00e3o for agora, s\u00f3 amanh\u00e3. Ent\u00e3o&#8230; <\/div>\n<div align=\"left\">Em raz\u00e3o do grande sucesso (sempre velado, snif!) do S\u00edlvio Caldas Depoimento, volto com mais um disco do &#8220;caboclinho querido&#8221;. Desta vez temos uma j\u00f3ia, uma colet\u00e2nea rara que re\u00fane grava\u00e7\u00f5es do per\u00edodo de 1931 a 41, onde Silvio interpreta composi\u00e7\u00f5es do grande Ary Barroso. Um disco, mais uma vez, imperd\u00edvel. De nada&#8230;<\/div>\n<p><\/p>\n<div align=\"center\">1- faceira<\/div>\n<div align=\"center\">2- bahia<\/div>\n<div align=\"center\">3- tu&#8230;<\/div>\n<div align=\"center\">4- perd\u00e3o<\/div>\n<div align=\"center\">5- \u00e9 mentira, oi!<\/div>\n<div align=\"center\">6- um samba em piedade<\/div>\n<div align=\"center\">7- morena boca de ouro<\/div>\n<div align=\"center\">8- tr\u00eas l\u00e1grimas<\/div>\n<div align=\"center\">9- eu vou pro maranh\u00e3o<\/div>\n<div align=\"center\">10- flor de inverno<\/div>\n<div align=\"center\">11- segura essa mulher<\/div>\n<div align=\"center\">12- malandro sofredor<\/div>\n<div align=\"center\"><\/div>\n<div align=\"center\"><\/div>\n<div align=\"center\"><\/div>\n","protected":false},"excerpt":{"rendered":"<p>Boa noite meus caros amigos. Hoje \u00e9 quarta-feira, mas t\u00e1 com a s\u00eade de sexta. Vamos logo para o que interessa porque se n\u00e3o for agora, s\u00f3 amanh\u00e3. Ent\u00e3o&#8230; Em raz\u00e3o do grande sucesso (sempre velado, snif!) do S\u00edlvio Caldas &hellip; <a href=\"https:\/\/www.toque-musicall.com\/?p=1723\">Continue lendo <span class=\"meta-nav\">&rarr;<\/span><\/a><\/p>\n","protected":false},"author":1,"featured_media":0,"comment_status":"open","ping_status":"closed","sticky":false,"template":"","format":"standard","meta":{"footnotes":""},"categories":[12],"tags":[],"class_list":["post-1723","post","type-post","status-publish","format-standard","hentry","category-silvio-caldas"],"_links":{"self":[{"href":"https:\/\/www.toque-musicall.com\/index.php?rest_route=\/wp\/v2\/posts\/1723","targetHints":{"allow":["GET"]}}],"collection":[{"href":"https:\/\/www.toque-musicall.com\/index.php?rest_route=\/wp\/v2\/posts"}],"about":[{"href":"https:\/\/www.toque-musicall.com\/index.php?rest_route=\/wp\/v2\/types\/post"}],"author":[{"embeddable":true,"href":"https:\/\/www.toque-musicall.com\/index.php?rest_route=\/wp\/v2\/users\/1"}],"replies":[{"embeddable":true,"href":"https:\/\/www.toque-musicall.com\/index.php?rest_route=%2Fwp%2Fv2%2Fcomments&post=1723"}],"version-history":[{"count":0,"href":"https:\/\/www.toque-musicall.com\/index.php?rest_route=\/wp\/v2\/posts\/1723\/revisions"}],"wp:attachment":[{"href":"https:\/\/www.toque-musicall.com\/index.php?rest_route=%2Fwp%2Fv2%2Fmedia&parent=1723"}],"wp:term":[{"taxonomy":"category","embeddable":true,"href":"https:\/\/www.toque-musicall.com\/index.php?rest_route=%2Fwp%2Fv2%2Fcategories&post=1723"},{"taxonomy":"post_tag","embeddable":true,"href":"https:\/\/www.toque-musicall.com\/index.php?rest_route=%2Fwp%2Fv2%2Ftags&post=1723"}],"curies":[{"name":"wp","href":"https:\/\/api.w.org\/{rel}","templated":true}]}}