{"id":1725,"date":"2008-03-17T23:49:00","date_gmt":"2008-03-17T23:49:00","guid":{"rendered":"http:\/\/www.toque-musicall.com\/?p=1725"},"modified":"2008-03-17T23:49:00","modified_gmt":"2008-03-17T23:49:00","slug":"silvio-caldas-depoimento-1975","status":"publish","type":"post","link":"https:\/\/www.toque-musicall.com\/?p=1725","title":{"rendered":"S\u00edlvio Caldas &#8211; Depoimento (1975)"},"content":{"rendered":"<div align=\"left\"><a href=\"http:\/\/3.bp.blogspot.com\/_DSKVEvHtskc\/R98dv2mSRNI\/AAAAAAAABNM\/s-zzvDD1fs4\/s1600-h\/Silvio+Caldas+-+Depoimento+P.JPG\"><img decoding=\"async\" id=\"BLOGGER_PHOTO_ID_5178890804446512338\" style=\"DISPLAY: block; MARGIN: 0px auto 10px; CURSOR: hand; TEXT-ALIGN: center\" alt=\"\" src=\"http:\/\/3.bp.blogspot.com\/_DSKVEvHtskc\/R98dv2mSRNI\/AAAAAAAABNM\/s-zzvDD1fs4\/s400\/Silvio+Caldas+-+Depoimento+P.JPG\" border=\"0\" \/><\/a>N\u00f3s os amadores&#8230; seguimos a trilha musical por pura paix\u00e3o, apenas pelo prazer da sintonia, das afinidades e semelhan\u00e7as. N\u00f3s que n\u00e3o somos nada al\u00e9m de amantes da m\u00fasica, dos artistas e seus discos. Estamos apenas ouvindo m\u00fasica na sala com nossos amigos. Compartilhando cultura, nos reunindo sem conspira\u00e7\u00e3o, sem anarquia&#8230; Organizados, mas n\u00e3o temos isto como profiss\u00e3o. O que se ganha aqui \u00e9 apenas amizade. Estamos mais para associa\u00e7\u00e3o do que para sindicato.<br \/>E o que tem isso a ver com a postagem? Absolutamente nada&#8230; s\u00e3o apenas divaga\u00e7\u00f5es sobre ser ou n\u00e3o ser nesse mundo musical &#8216;blogalizado&#8217;. Tem gente que entende do que eu falo. Outros n\u00e3o querem nem saber, vamos direto ao assunto&#8230;<\/p>\n<div align=\"left\">Vamos abrindo a semana com um registro hist\u00f3rico, um depoimento com um dos maiores nomes da m\u00fasica brasileira, o grande S\u00edlvio Caldas. Este disco foi gravado ao vivo no TUCA (Teatro da Universidade Cat\u00f3lica) em 1974 num espet\u00e1culo- depoimento promovido no int\u00faito de recolher material para o Arquivo de Som e Imagem da PUC. S\u00edlvio Caldas em suas hist\u00f3rias e respostas a plat\u00e9ia nos prende a aten\u00e7\u00e3o do inicio ao fim do disco. \u00c9 sem d\u00favida um grande bate-papo com o artista. Um \u00e1lbum indispens\u00e1vel para quem estuda sobre a m\u00fasica brasileira.<\/div>\n<\/div>\n","protected":false},"excerpt":{"rendered":"<p>N\u00f3s os amadores&#8230; seguimos a trilha musical por pura paix\u00e3o, apenas pelo prazer da sintonia, das afinidades e semelhan\u00e7as. N\u00f3s que n\u00e3o somos nada al\u00e9m de amantes da m\u00fasica, dos artistas e seus discos. Estamos apenas ouvindo m\u00fasica na sala &hellip; <a href=\"https:\/\/www.toque-musicall.com\/?p=1725\">Continue lendo <span class=\"meta-nav\">&rarr;<\/span><\/a><\/p>\n","protected":false},"author":1,"featured_media":0,"comment_status":"open","ping_status":"closed","sticky":false,"template":"","format":"standard","meta":{"footnotes":""},"categories":[12],"tags":[],"class_list":["post-1725","post","type-post","status-publish","format-standard","hentry","category-silvio-caldas"],"_links":{"self":[{"href":"https:\/\/www.toque-musicall.com\/index.php?rest_route=\/wp\/v2\/posts\/1725","targetHints":{"allow":["GET"]}}],"collection":[{"href":"https:\/\/www.toque-musicall.com\/index.php?rest_route=\/wp\/v2\/posts"}],"about":[{"href":"https:\/\/www.toque-musicall.com\/index.php?rest_route=\/wp\/v2\/types\/post"}],"author":[{"embeddable":true,"href":"https:\/\/www.toque-musicall.com\/index.php?rest_route=\/wp\/v2\/users\/1"}],"replies":[{"embeddable":true,"href":"https:\/\/www.toque-musicall.com\/index.php?rest_route=%2Fwp%2Fv2%2Fcomments&post=1725"}],"version-history":[{"count":0,"href":"https:\/\/www.toque-musicall.com\/index.php?rest_route=\/wp\/v2\/posts\/1725\/revisions"}],"wp:attachment":[{"href":"https:\/\/www.toque-musicall.com\/index.php?rest_route=%2Fwp%2Fv2%2Fmedia&parent=1725"}],"wp:term":[{"taxonomy":"category","embeddable":true,"href":"https:\/\/www.toque-musicall.com\/index.php?rest_route=%2Fwp%2Fv2%2Fcategories&post=1725"},{"taxonomy":"post_tag","embeddable":true,"href":"https:\/\/www.toque-musicall.com\/index.php?rest_route=%2Fwp%2Fv2%2Ftags&post=1725"}],"curies":[{"name":"wp","href":"https:\/\/api.w.org\/{rel}","templated":true}]}}