{"id":1726,"date":"2008-03-16T19:40:00","date_gmt":"2008-03-16T19:40:00","guid":{"rendered":"http:\/\/www.toque-musicall.com\/?p=1726"},"modified":"2008-03-16T19:40:00","modified_gmt":"2008-03-16T19:40:00","slug":"mpb-4-1967","status":"publish","type":"post","link":"https:\/\/www.toque-musicall.com\/?p=1726","title":{"rendered":"MPB-4 (1967)"},"content":{"rendered":"<div align=\"left\"><a href=\"http:\/\/3.bp.blogspot.com\/_DSKVEvHtskc\/R916qWmSRJI\/AAAAAAAABMw\/5ax4LJGl2hQ\/s1600-h\/MPB-4+p.JPG\"><img decoding=\"async\" id=\"BLOGGER_PHOTO_ID_5178430014585193618\" style=\"DISPLAY: block; MARGIN: 0px auto 10px; CURSOR: hand; TEXT-ALIGN: center\" alt=\"\" src=\"http:\/\/3.bp.blogspot.com\/_DSKVEvHtskc\/R916qWmSRJI\/AAAAAAAABMw\/5ax4LJGl2hQ\/s400\/MPB-4+p.JPG\" border=\"0\" \/><\/a>Hoje excepcionalmente, para completar &#8216;a presen\u00e7a&#8217;, estou postando tamb\u00e9m este \u00e1lbum de 1967, o segundo lp do grupo. Nele temos composi\u00e7\u00f5es de Edu Lobo, Sidney Miller, umas tantas de Chico Buarque, Tom e Vinicius, S\u00e9rgio Ricardo&#8230; ah, e tamb\u00e9m &#8220;Can\u00e7\u00e3o a medo&#8221; de S\u00e9rgio Bittencourt, can\u00e7\u00e3o esta interpretada com participa\u00e7\u00e3o da vers\u00e3o feminina, o Quarteto em Cy. Para completar o clima, vai aqui tamb\u00e9m um video do YouTube com o MPB-4 cantando <a href=\"http:\/\/www.youtube.com\/watch?v=lZ66VKw4Yyk\">&#8220;Gabriela&#8221;, no III Festival da M\u00fasica Popular Brasileira<\/a>.<\/div>\n<div align=\"left\">Aproveito tamb\u00e9m o momento para informar que o MPB-4 <a href=\"http:\/\/toque-musical.blogspot.com\/search?q=MPB-4+-+de+palavra...\">&#8220;De palavra em palavra&#8221;<\/a> postado aqui em agosto do ano passado j\u00e1 est\u00e1 novamente ativo.<\/div>\n<p><\/p>\n<div align=\"center\">cord\u00e3o da saideira<\/div>\n<div align=\"center\">morena dos olhos d\u00e1gua<\/div>\n<div align=\"center\">meu viol\u00e3o<\/div>\n<div align=\"center\">brincadeira de angola<\/div>\n<div align=\"center\">malandro<\/div>\n<div align=\"center\">can\u00e7\u00e3o de n\u00e3o cantar<\/div>\n<div align=\"center\">cheguei<\/div>\n<div align=\"center\">o grande amor<\/div>\n<div align=\"center\">quem te viu e quem te v\u00ea<\/div>\n<div align=\"center\">fica<\/div>\n<div align=\"center\">can\u00e7\u00e3o do medo<\/div>\n<div align=\"center\">\u00e9 preciso perdoar<\/div>\n<div align=\"center\"><\/div>\n<div align=\"center\"><\/div>\n<div align=\"center\"> <\/div>\n","protected":false},"excerpt":{"rendered":"<p>Hoje excepcionalmente, para completar &#8216;a presen\u00e7a&#8217;, estou postando tamb\u00e9m este \u00e1lbum de 1967, o segundo lp do grupo. Nele temos composi\u00e7\u00f5es de Edu Lobo, Sidney Miller, umas tantas de Chico Buarque, Tom e Vinicius, S\u00e9rgio Ricardo&#8230; ah, e tamb\u00e9m &#8220;Can\u00e7\u00e3o &hellip; <a href=\"https:\/\/www.toque-musicall.com\/?p=1726\">Continue lendo <span class=\"meta-nav\">&rarr;<\/span><\/a><\/p>\n","protected":false},"author":1,"featured_media":0,"comment_status":"open","ping_status":"closed","sticky":false,"template":"","format":"standard","meta":{"footnotes":""},"categories":[51],"tags":[],"class_list":["post-1726","post","type-post","status-publish","format-standard","hentry","category-mpb-4"],"_links":{"self":[{"href":"https:\/\/www.toque-musicall.com\/index.php?rest_route=\/wp\/v2\/posts\/1726","targetHints":{"allow":["GET"]}}],"collection":[{"href":"https:\/\/www.toque-musicall.com\/index.php?rest_route=\/wp\/v2\/posts"}],"about":[{"href":"https:\/\/www.toque-musicall.com\/index.php?rest_route=\/wp\/v2\/types\/post"}],"author":[{"embeddable":true,"href":"https:\/\/www.toque-musicall.com\/index.php?rest_route=\/wp\/v2\/users\/1"}],"replies":[{"embeddable":true,"href":"https:\/\/www.toque-musicall.com\/index.php?rest_route=%2Fwp%2Fv2%2Fcomments&post=1726"}],"version-history":[{"count":0,"href":"https:\/\/www.toque-musicall.com\/index.php?rest_route=\/wp\/v2\/posts\/1726\/revisions"}],"wp:attachment":[{"href":"https:\/\/www.toque-musicall.com\/index.php?rest_route=%2Fwp%2Fv2%2Fmedia&parent=1726"}],"wp:term":[{"taxonomy":"category","embeddable":true,"href":"https:\/\/www.toque-musicall.com\/index.php?rest_route=%2Fwp%2Fv2%2Fcategories&post=1726"},{"taxonomy":"post_tag","embeddable":true,"href":"https:\/\/www.toque-musicall.com\/index.php?rest_route=%2Fwp%2Fv2%2Ftags&post=1726"}],"curies":[{"name":"wp","href":"https:\/\/api.w.org\/{rel}","templated":true}]}}