{"id":1736,"date":"2008-03-06T22:49:00","date_gmt":"2008-03-06T22:49:00","guid":{"rendered":"http:\/\/www.toque-musicall.com\/?p=1736"},"modified":"2008-03-06T22:49:00","modified_gmt":"2008-03-06T22:49:00","slug":"paulo-bagunca-tropa-maldita-1973","status":"publish","type":"post","link":"https:\/\/www.toque-musicall.com\/?p=1736","title":{"rendered":"Paulo Bagun\u00e7a &#038; Tropa Maldita (1973)"},"content":{"rendered":"<div align=\"left\"><a href=\"http:\/\/1.bp.blogspot.com\/_DSKVEvHtskc\/R9B11P3qLMI\/AAAAAAAABLM\/ilN9vXIhtr0\/s1600-h\/Paulo+Bagun%C3%83%C2%A7a+P.JPG\"><img decoding=\"async\" id=\"BLOGGER_PHOTO_ID_5174765529502198978\" style=\"DISPLAY: block; MARGIN: 0px auto 10px; CURSOR: hand; TEXT-ALIGN: center\" alt=\"\" src=\"http:\/\/1.bp.blogspot.com\/_DSKVEvHtskc\/R9B11P3qLMI\/AAAAAAAABLM\/ilN9vXIhtr0\/s400\/Paulo+Bagun%C3%A7a+P.JPG\" border=\"0\" \/><\/a>Olha a\u00ed gente, n\u00e3o vai esquecer da Feira do Vinil, s\u00e1bado, durante todo o dia, l\u00e1 em Belo Horizonte. Est\u00e3o dizendo que vai &#8216;bombar&#8217;. L\u00e1 estar\u00e3o vendedores e compradores n\u00e3o s\u00f3 da cidade, mas tamb\u00e9m de v\u00e1rios lugares do Brasil e estrangeiros. T\u00e1 todo mundo de olho no vinil. Vai l\u00e1 que voc\u00eas encontrar\u00e3o de tudo, inclusive esse disca\u00e7o que de uns anos pr\u00e1 c\u00e1 passou a ser cultuado pela mo\u00e7ada. Vai poder escolher entre o vinil ou no formato cd, lan\u00e7ado a pouco tempo atr\u00e1s por um selo argentino. Se n\u00e3o fosse outros compromissos eu na certa voava pr\u00e1 l\u00e1&#8230; <\/p>\n<div align=\"left\">Paulo Bagun\u00e7a e suA Tropa Maldita surgiram em meados de 1972, em um festival de m\u00fasica de bairro, organizado pela comunidade da Cruzada de S\u00e3o Sebasti\u00e3o, na cidade do Rio de Janeiro. Gravaram este \u00fanico disco e chegaram a fazer fuma\u00e7a naquela \u00e9poca. Foram at\u00e9 mat\u00e9ria na Rolling Stones. Infelizmente n\u00e3o vingaram (?), mas entraram para a hist\u00f3ria da m\u00fasica jovem brasileira. A sonoridade do grupo, para quem n\u00e3o conhece, \u00e9 um misto semi-ac\u00fastico interessante, onde sentimos a presen\u00e7a de Santana, Jorge Ben, Richie Havens, Traffic e outras coisas nessa linha, que rolavam nos in\u00edcio dos anos 70. <\/div>\n<div align=\"left\"> <\/div>\n<div align=\"center\"><\/div>\n<div align=\"center\"><\/div>\n<div align=\"center\">Apelo<\/div>\n<div align=\"center\">Grinfa Louca<\/div>\n<div align=\"center\">Olhos Risonhos<\/div>\n<div align=\"center\">Microfones Met\u00e1licos<\/div>\n<div align=\"center\">Tramba<\/div>\n<div align=\"center\">A Mente<\/div>\n<div align=\"center\">Olhar Animal<\/div>\n<div align=\"center\">Madalena<\/div>\n<div align=\"center\">Mensageiro<\/div>\n<div align=\"center\">Cristina <\/div>\n<div align=\"center\"><\/div>\n<div align=\"center\"><\/div>\n<\/div>\n","protected":false},"excerpt":{"rendered":"<p>Olha a\u00ed gente, n\u00e3o vai esquecer da Feira do Vinil, s\u00e1bado, durante todo o dia, l\u00e1 em Belo Horizonte. Est\u00e3o dizendo que vai &#8216;bombar&#8217;. L\u00e1 estar\u00e3o vendedores e compradores n\u00e3o s\u00f3 da cidade, mas tamb\u00e9m de v\u00e1rios lugares do Brasil &hellip; <a href=\"https:\/\/www.toque-musicall.com\/?p=1736\">Continue lendo <span class=\"meta-nav\">&rarr;<\/span><\/a><\/p>\n","protected":false},"author":1,"featured_media":0,"comment_status":"open","ping_status":"closed","sticky":false,"template":"","format":"standard","meta":{"footnotes":""},"categories":[1768],"tags":[],"class_list":["post-1736","post","type-post","status-publish","format-standard","hentry","category-paulo-bagunca-e-tropa-maldita"],"_links":{"self":[{"href":"https:\/\/www.toque-musicall.com\/index.php?rest_route=\/wp\/v2\/posts\/1736","targetHints":{"allow":["GET"]}}],"collection":[{"href":"https:\/\/www.toque-musicall.com\/index.php?rest_route=\/wp\/v2\/posts"}],"about":[{"href":"https:\/\/www.toque-musicall.com\/index.php?rest_route=\/wp\/v2\/types\/post"}],"author":[{"embeddable":true,"href":"https:\/\/www.toque-musicall.com\/index.php?rest_route=\/wp\/v2\/users\/1"}],"replies":[{"embeddable":true,"href":"https:\/\/www.toque-musicall.com\/index.php?rest_route=%2Fwp%2Fv2%2Fcomments&post=1736"}],"version-history":[{"count":0,"href":"https:\/\/www.toque-musicall.com\/index.php?rest_route=\/wp\/v2\/posts\/1736\/revisions"}],"wp:attachment":[{"href":"https:\/\/www.toque-musicall.com\/index.php?rest_route=%2Fwp%2Fv2%2Fmedia&parent=1736"}],"wp:term":[{"taxonomy":"category","embeddable":true,"href":"https:\/\/www.toque-musicall.com\/index.php?rest_route=%2Fwp%2Fv2%2Fcategories&post=1736"},{"taxonomy":"post_tag","embeddable":true,"href":"https:\/\/www.toque-musicall.com\/index.php?rest_route=%2Fwp%2Fv2%2Ftags&post=1736"}],"curies":[{"name":"wp","href":"https:\/\/api.w.org\/{rel}","templated":true}]}}