{"id":1737,"date":"2008-03-06T01:53:00","date_gmt":"2008-03-06T01:53:00","guid":{"rendered":"http:\/\/www.toque-musicall.com\/?p=1737"},"modified":"2008-03-06T01:53:00","modified_gmt":"2008-03-06T01:53:00","slug":"odair-cabeca-de-poeta-grupo-capote-a-forronatica-e-o-forramba-1976","status":"publish","type":"post","link":"https:\/\/www.toque-musicall.com\/?p=1737","title":{"rendered":"Odair Cabe\u00e7a De Poeta &#038; Grupo Capote &#8211; A Forron\u00e1tica E O Forramba (1976)"},"content":{"rendered":"<div align=\"left\"><a href=\"http:\/\/4.bp.blogspot.com\/_DSKVEvHtskc\/R89PxP3qLLI\/AAAAAAAABLE\/oeGkv3krN1I\/s1600-h\/Odair+Cabe%C3%83%C2%A7a++p.JPG\"><img decoding=\"async\" id=\"BLOGGER_PHOTO_ID_5174442204364156082\" style=\"DISPLAY: block; MARGIN: 0px auto 10px; CURSOR: hand; TEXT-ALIGN: center\" alt=\"\" src=\"http:\/\/4.bp.blogspot.com\/_DSKVEvHtskc\/R89PxP3qLLI\/AAAAAAAABLE\/oeGkv3krN1I\/s400\/Odair+Cabe%C3%A7a++p.JPG\" border=\"0\" \/><\/a> J\u00e1 faz um bom tempo que me pediram para postar mais alguma coisa do <a href=\"http:\/\/toque-musical.blogspot.com\/2007\/11\/odair-cabea-de-poeta-grupo-capote-o.html\">Odair Cabe\u00e7a de Poeta e seu Grupo Capote<\/a>. Infelizmente, entre um post e outro, acabei esquecendo do cara. Mas n\u00e3o tem nada n\u00e3o&#8230; a gente tarda, mas n\u00e3o falha! Falei Marujo?<\/div>\n<div align=\"left\">Temos ent\u00e3o este lp de 1976 que vem com o destaque &#8220;mulher corintiana&#8221;. Me parece que foi o seu quarto \u00e1lbum. Mantendo o mesmo n\u00edvel dos discos anteriores, ele faz uma mistura dos ritmos nordestinos com o rock. Segundo contam, Odair Cabe\u00e7a foi o inventor do forrock, pelo menos do termo que tenta ressaltar essa fus\u00e3o musical. Ele tocou com Tom Z\u00e9 e j\u00e1 foi baterista dos Novos Baianos.<\/div>\n<div align=\"left\"> <\/div>\n<div align=\"left\"><\/div>\n<div align=\"center\"><\/div>\n<div align=\"center\"><\/div>\n<div align=\"center\"><\/div>\n<div align=\"center\">tranca da janela<\/div>\n<div align=\"center\">amigos<\/div>\n<div align=\"center\">mariquinha<\/div>\n<div align=\"center\">vazio<\/div>\n<div align=\"center\">feiti\u00e7o do saci<\/div>\n<div align=\"center\">mundo s\u00f3<\/div>\n<div align=\"center\">forramba no castelo doido<\/div>\n<div align=\"center\">arrepio do \u00e9brio<\/div>\n<div align=\"center\">isso \u00e9 bonito<\/div>\n<div align=\"center\">lamento<\/div>\n<div align=\"center\">mulher corintiana<\/div>\n<div align=\"center\"><\/div>\n<div align=\"center\"><\/div>\n","protected":false},"excerpt":{"rendered":"<p>J\u00e1 faz um bom tempo que me pediram para postar mais alguma coisa do Odair Cabe\u00e7a de Poeta e seu Grupo Capote. Infelizmente, entre um post e outro, acabei esquecendo do cara. Mas n\u00e3o tem nada n\u00e3o&#8230; a gente tarda, &hellip; <a href=\"https:\/\/www.toque-musicall.com\/?p=1737\">Continue lendo <span class=\"meta-nav\">&rarr;<\/span><\/a><\/p>\n","protected":false},"author":1,"featured_media":0,"comment_status":"open","ping_status":"closed","sticky":false,"template":"","format":"standard","meta":{"footnotes":""},"categories":[1226],"tags":[],"class_list":["post-1737","post","type-post","status-publish","format-standard","hentry","category-odair-cabeca-de-poeta"],"_links":{"self":[{"href":"https:\/\/www.toque-musicall.com\/index.php?rest_route=\/wp\/v2\/posts\/1737","targetHints":{"allow":["GET"]}}],"collection":[{"href":"https:\/\/www.toque-musicall.com\/index.php?rest_route=\/wp\/v2\/posts"}],"about":[{"href":"https:\/\/www.toque-musicall.com\/index.php?rest_route=\/wp\/v2\/types\/post"}],"author":[{"embeddable":true,"href":"https:\/\/www.toque-musicall.com\/index.php?rest_route=\/wp\/v2\/users\/1"}],"replies":[{"embeddable":true,"href":"https:\/\/www.toque-musicall.com\/index.php?rest_route=%2Fwp%2Fv2%2Fcomments&post=1737"}],"version-history":[{"count":0,"href":"https:\/\/www.toque-musicall.com\/index.php?rest_route=\/wp\/v2\/posts\/1737\/revisions"}],"wp:attachment":[{"href":"https:\/\/www.toque-musicall.com\/index.php?rest_route=%2Fwp%2Fv2%2Fmedia&parent=1737"}],"wp:term":[{"taxonomy":"category","embeddable":true,"href":"https:\/\/www.toque-musicall.com\/index.php?rest_route=%2Fwp%2Fv2%2Fcategories&post=1737"},{"taxonomy":"post_tag","embeddable":true,"href":"https:\/\/www.toque-musicall.com\/index.php?rest_route=%2Fwp%2Fv2%2Ftags&post=1737"}],"curies":[{"name":"wp","href":"https:\/\/api.w.org\/{rel}","templated":true}]}}