{"id":1738,"date":"2008-03-05T02:10:00","date_gmt":"2008-03-05T02:10:00","guid":{"rendered":"http:\/\/www.toque-musicall.com\/?p=1738"},"modified":"2008-03-05T02:10:00","modified_gmt":"2008-03-05T02:10:00","slug":"apoteose-o-show-dos-shows-1991","status":"publish","type":"post","link":"https:\/\/www.toque-musicall.com\/?p=1738","title":{"rendered":"Apoteose &#8211; O Show Dos Shows (1991)"},"content":{"rendered":"<div align=\"left\"><a href=\"http:\/\/2.bp.blogspot.com\/_DSKVEvHtskc\/R84II_3qLII\/AAAAAAAABKs\/21utIy_rwtc\/s1600-h\/apoteoseP.JPG\"><img decoding=\"async\" id=\"BLOGGER_PHOTO_ID_5174081972572138626\" style=\"DISPLAY: block; MARGIN: 0px auto 10px; CURSOR: hand; TEXT-ALIGN: center\" alt=\"\" src=\"http:\/\/2.bp.blogspot.com\/_DSKVEvHtskc\/R84II_3qLII\/AAAAAAAABKs\/21utIy_rwtc\/s400\/apoteoseP.JPG\" border=\"0\" \/><\/a>Hoje n\u00e3o vou prolongar&#8230; Al\u00e9m do mais, o sono j\u00e1 vem me pegando de jeito.<br \/>Sobre este disco n\u00e3o \u00e9 preciso falar muito, t\u00e1 na capa! Uma sele\u00e7\u00e3o de artistas de primeira linha que passaram pela RGE. \u00c9 isso a\u00ed&#8230; a gravadora se mant\u00e9m com nomes de peso. Nada como uma colet\u00e2nea, reunindo o que de melhor o selo ofereceu ao longo dos tempos. Neste, lan\u00e7ado somente em vinil e cassete (lembra da fitinha?), temos apresenta\u00e7\u00f5es ao vivo de shows e festivais, realizados em 1964 e 65. Faixas retiradas de outros \u00e1lbuns da gravadora.<\/div>\n<div align=\"center\">chove chuva &#8211; jorge ben<\/div>\n<div align=\"center\">terra de ningu\u00e9m &#8211; elis regina e marcos valle<\/div>\n<div align=\"center\">maria moita &#8211; nara le\u00e3o<\/div>\n<div align=\"center\">sem deuz com a fam\u00edlia &#8211; c\u00e9sar rold\u00e3o vieira<\/div>\n<div align=\"center\">primavera &#8211; toquinho<\/div>\n<div align=\"center\">tem d\u00f3 de mim &#8211; quarteto em cy<\/div>\n<div align=\"center\">aleluia &#8211; edu lobo e yvette<\/div>\n<div align=\"center\">pedro pedreiro &#8211; chico buarque<\/div>\n<div align=\"center\">garota de ipanema &#8211; zimbo trio<\/div>\n<div align=\"center\">n\u00f3s e o mar &#8211; maysa<\/div>\n<div align=\"center\">onde est\u00e1 voc\u00ea &#8211; ala\u00edde costa<\/div>\n<div align=\"center\">mulher sempre mulher &#8211; vin\u00edcius de morais<\/div>\n<div align=\"center\"><\/div>\n<div align=\"center\"><\/div>\n<div align=\"center\"><\/div>\n","protected":false},"excerpt":{"rendered":"<p>Hoje n\u00e3o vou prolongar&#8230; Al\u00e9m do mais, o sono j\u00e1 vem me pegando de jeito.Sobre este disco n\u00e3o \u00e9 preciso falar muito, t\u00e1 na capa! Uma sele\u00e7\u00e3o de artistas de primeira linha que passaram pela RGE. \u00c9 isso a\u00ed&#8230; a &hellip; <a href=\"https:\/\/www.toque-musicall.com\/?p=1738\">Continue lendo <span class=\"meta-nav\">&rarr;<\/span><\/a><\/p>\n","protected":false},"author":1,"featured_media":0,"comment_status":"open","ping_status":"closed","sticky":false,"template":"","format":"standard","meta":{"footnotes":""},"categories":[700,408,293,52,583,67,1359,50,1120,1119,941],"tags":[],"class_list":["post-1738","post","type-post","status-publish","format-standard","hentry","category-alaide-costa","category-chico-buarque","category-edu-lobo","category-elis-regina","category-jorge-ben","category-marcos-valle","category-maysa","category-quarteto-em-cy","category-toquinho","category-vinicius-de-moraes","category-zimbo-trio"],"_links":{"self":[{"href":"https:\/\/www.toque-musicall.com\/index.php?rest_route=\/wp\/v2\/posts\/1738","targetHints":{"allow":["GET"]}}],"collection":[{"href":"https:\/\/www.toque-musicall.com\/index.php?rest_route=\/wp\/v2\/posts"}],"about":[{"href":"https:\/\/www.toque-musicall.com\/index.php?rest_route=\/wp\/v2\/types\/post"}],"author":[{"embeddable":true,"href":"https:\/\/www.toque-musicall.com\/index.php?rest_route=\/wp\/v2\/users\/1"}],"replies":[{"embeddable":true,"href":"https:\/\/www.toque-musicall.com\/index.php?rest_route=%2Fwp%2Fv2%2Fcomments&post=1738"}],"version-history":[{"count":0,"href":"https:\/\/www.toque-musicall.com\/index.php?rest_route=\/wp\/v2\/posts\/1738\/revisions"}],"wp:attachment":[{"href":"https:\/\/www.toque-musicall.com\/index.php?rest_route=%2Fwp%2Fv2%2Fmedia&parent=1738"}],"wp:term":[{"taxonomy":"category","embeddable":true,"href":"https:\/\/www.toque-musicall.com\/index.php?rest_route=%2Fwp%2Fv2%2Fcategories&post=1738"},{"taxonomy":"post_tag","embeddable":true,"href":"https:\/\/www.toque-musicall.com\/index.php?rest_route=%2Fwp%2Fv2%2Ftags&post=1738"}],"curies":[{"name":"wp","href":"https:\/\/api.w.org\/{rel}","templated":true}]}}