{"id":1741,"date":"2008-03-01T22:53:00","date_gmt":"2008-03-01T22:53:00","guid":{"rendered":"http:\/\/www.toque-musicall.com\/?p=1741"},"modified":"2008-03-01T22:53:00","modified_gmt":"2008-03-01T22:53:00","slug":"os-carbonos-as-12-mais-da-parada-1968","status":"publish","type":"post","link":"https:\/\/www.toque-musicall.com\/?p=1741","title":{"rendered":"Os Carbonos &#8211; As 12 Mais Da Parada (1968)"},"content":{"rendered":"<p><a href=\"http:\/\/3.bp.blogspot.com\/_DSKVEvHtskc\/R8oMHN_-XEI\/AAAAAAAABKU\/ykrH0ySJ84Y\/s1600-h\/os+carbonos+Instrumental+P.JPG\"><img decoding=\"async\" id=\"BLOGGER_PHOTO_ID_5172960440145042498\" style=\"DISPLAY: block; MARGIN: 0px auto 10px; CURSOR: hand; TEXT-ALIGN: center\" alt=\"\" src=\"http:\/\/3.bp.blogspot.com\/_DSKVEvHtskc\/R8oMHN_-XEI\/AAAAAAAABKU\/ykrH0ySJ84Y\/s400\/os+carbonos+Instrumental+P.JPG\" border=\"0\" \/><\/a>Este n\u00e3o era para ser o \u00e1lbum do dia. Eu queria terminar a semana com mais um ilustre desconhecido. Um disco como tem sido nas \u00faltimas postagens &#8211; antigo, raro e esquecido.. Acontece que, diante ao atraso dos nossos colaboradores, achei melhor usarmos o que tinha \u00e0 m\u00e3o de imediato. Para n\u00e3o destoar muito, resolvi voltar com mais um disco dOs Carbonos. Como nos outros, este tamb\u00e9m, com certeza, vai dar muito ibope.<br \/>Ent\u00e3o, aqui temos Os Carbonos num \u00e1lbum totalmente instrumental com acompanhamento de orquestra, interpretando um variado repert\u00f3rio internacional.<\/p>\n<div align=\"center\"> <\/div>\n<div align=\"center\"><\/div>\n<div align=\"center\">congratulations<\/div>\n<div align=\"center\">honney<\/div>\n<div align=\"center\">la tramontana<\/div>\n<div align=\"center\">love is blue<\/div>\n<div align=\"center\">la derniere valse<\/div>\n<div align=\"center\">silenceis golden<\/div>\n<div align=\"center\">the ballad of bonnie &#038; clyde<\/div>\n<div align=\"center\">aranjuez, mon amour<\/div>\n<div align=\"center\">san francisco<\/div>\n<div align=\"center\">a pobreza<\/div>\n<div align=\"center\">days of pearly spencer<\/div>\n<div align=\"center\">\u00faltima can\u00e7\u00e3o<\/div>\n<div align=\"center\"><\/div>\n<div align=\"center\"><\/div>\n<div align=\"center\"> <\/div>\n","protected":false},"excerpt":{"rendered":"<p>Este n\u00e3o era para ser o \u00e1lbum do dia. Eu queria terminar a semana com mais um ilustre desconhecido. Um disco como tem sido nas \u00faltimas postagens &#8211; antigo, raro e esquecido.. Acontece que, diante ao atraso dos nossos colaboradores, &hellip; <a href=\"https:\/\/www.toque-musicall.com\/?p=1741\">Continue lendo <span class=\"meta-nav\">&rarr;<\/span><\/a><\/p>\n","protected":false},"author":1,"featured_media":0,"comment_status":"open","ping_status":"closed","sticky":false,"template":"","format":"standard","meta":{"footnotes":""},"categories":[422],"tags":[],"class_list":["post-1741","post","type-post","status-publish","format-standard","hentry","category-os-carbonos"],"_links":{"self":[{"href":"https:\/\/www.toque-musicall.com\/index.php?rest_route=\/wp\/v2\/posts\/1741","targetHints":{"allow":["GET"]}}],"collection":[{"href":"https:\/\/www.toque-musicall.com\/index.php?rest_route=\/wp\/v2\/posts"}],"about":[{"href":"https:\/\/www.toque-musicall.com\/index.php?rest_route=\/wp\/v2\/types\/post"}],"author":[{"embeddable":true,"href":"https:\/\/www.toque-musicall.com\/index.php?rest_route=\/wp\/v2\/users\/1"}],"replies":[{"embeddable":true,"href":"https:\/\/www.toque-musicall.com\/index.php?rest_route=%2Fwp%2Fv2%2Fcomments&post=1741"}],"version-history":[{"count":0,"href":"https:\/\/www.toque-musicall.com\/index.php?rest_route=\/wp\/v2\/posts\/1741\/revisions"}],"wp:attachment":[{"href":"https:\/\/www.toque-musicall.com\/index.php?rest_route=%2Fwp%2Fv2%2Fmedia&parent=1741"}],"wp:term":[{"taxonomy":"category","embeddable":true,"href":"https:\/\/www.toque-musicall.com\/index.php?rest_route=%2Fwp%2Fv2%2Fcategories&post=1741"},{"taxonomy":"post_tag","embeddable":true,"href":"https:\/\/www.toque-musicall.com\/index.php?rest_route=%2Fwp%2Fv2%2Ftags&post=1741"}],"curies":[{"name":"wp","href":"https:\/\/api.w.org\/{rel}","templated":true}]}}