{"id":1743,"date":"2008-02-29T01:43:00","date_gmt":"2008-02-29T01:43:00","guid":{"rendered":"http:\/\/www.toque-musicall.com\/?p=1743"},"modified":"2008-02-29T01:43:00","modified_gmt":"2008-02-29T01:43:00","slug":"sidney-com-orquestra-coro-isto-e-danca-1961","status":"publish","type":"post","link":"https:\/\/www.toque-musicall.com\/?p=1743","title":{"rendered":"Sidney Com Orquestra &#038; Coro &#8211; Isto \u00c9 Dan\u00e7a (1961)"},"content":{"rendered":"<p><a href=\"http:\/\/2.bp.blogspot.com\/_DSKVEvHtskc\/R8d3n4ohhNI\/AAAAAAAABKE\/1E1c3TfemqY\/s1600-h\/sidney+P.JPG\"><img decoding=\"async\" id=\"BLOGGER_PHOTO_ID_5172234224159261906\" style=\"DISPLAY: block; MARGIN: 0px auto 10px; CURSOR: hand; TEXT-ALIGN: center\" alt=\"\" src=\"http:\/\/2.bp.blogspot.com\/_DSKVEvHtskc\/R8d3n4ohhNI\/AAAAAAAABKE\/1E1c3TfemqY\/s400\/sidney+P.JPG\" border=\"0\" \/><\/a>Aqui temos para hoje mais um disco interessante que merece uma conferida. Um \u00e1lbum feito para as &#8216;horas dan\u00e7antes&#8217; do final dos anos 50. Misturando os ritmos e sucessos predominantes na \u00e9poca, este lp lan\u00e7ado pela Columbia, nos traz o obscuro Sidney, um pianista que s\u00f3 se tem not\u00edcias atrav\u00e9s desta s\u00e9rie &#8220;Isto \u00e9 dan\u00e7a&#8221;. Informa\u00e7\u00f5es sobre ele s\u00f3 mesmo na contra-capa do disco, numa apresenta\u00e7\u00e3o r\u00e1pida que nada acrescenta. Por outro lado, temos o Astor Silva, instrumentista, arranjador e maestro que teve sua vez. Com sua orquestra, gravou diversos discos e acompanhou outros tantos artistas. Foi dele os arranjos e acompanhamento nos primeiros passos fonogr\u00e1ficos do rei Roberto Carlos.<\/p>\n<div><\/div>\n<p><\/p>\n<div align=\"center\">palavras de amor<\/div>\n<div align=\"center\">a noiva<\/div>\n<div align=\"center\">never on sunday<\/div>\n<div align=\"center\">fiz o bob\u00e3o<\/div>\n<div align=\"center\">concerto d&#8217;autunno<\/div>\n<div align=\"center\">hymne \u00e0 l&#8217;amour<\/div>\n<div align=\"center\">pourquoi?<\/div>\n<div align=\"center\">nunca mais<\/div>\n<div align=\"center\">\u00e9 f\u00e1cil dizer adeus<\/div>\n<div align=\"center\">ansiedad<\/div>\n<div align=\"center\">love letters<\/div>\n<div align=\"center\">blue star<\/div>\n<div align=\"center\"><\/div>\n<div align=\"center\"><\/div>\n<div align=\"center\"> <\/div>\n","protected":false},"excerpt":{"rendered":"<p>Aqui temos para hoje mais um disco interessante que merece uma conferida. Um \u00e1lbum feito para as &#8216;horas dan\u00e7antes&#8217; do final dos anos 50. Misturando os ritmos e sucessos predominantes na \u00e9poca, este lp lan\u00e7ado pela Columbia, nos traz o &hellip; <a href=\"https:\/\/www.toque-musicall.com\/?p=1743\">Continue lendo <span class=\"meta-nav\">&rarr;<\/span><\/a><\/p>\n","protected":false},"author":1,"featured_media":0,"comment_status":"open","ping_status":"closed","sticky":false,"template":"","format":"standard","meta":{"footnotes":""},"categories":[179],"tags":[],"class_list":["post-1743","post","type-post","status-publish","format-standard","hentry","category-sidney-com-orquestra-e-coro"],"_links":{"self":[{"href":"https:\/\/www.toque-musicall.com\/index.php?rest_route=\/wp\/v2\/posts\/1743","targetHints":{"allow":["GET"]}}],"collection":[{"href":"https:\/\/www.toque-musicall.com\/index.php?rest_route=\/wp\/v2\/posts"}],"about":[{"href":"https:\/\/www.toque-musicall.com\/index.php?rest_route=\/wp\/v2\/types\/post"}],"author":[{"embeddable":true,"href":"https:\/\/www.toque-musicall.com\/index.php?rest_route=\/wp\/v2\/users\/1"}],"replies":[{"embeddable":true,"href":"https:\/\/www.toque-musicall.com\/index.php?rest_route=%2Fwp%2Fv2%2Fcomments&post=1743"}],"version-history":[{"count":0,"href":"https:\/\/www.toque-musicall.com\/index.php?rest_route=\/wp\/v2\/posts\/1743\/revisions"}],"wp:attachment":[{"href":"https:\/\/www.toque-musicall.com\/index.php?rest_route=%2Fwp%2Fv2%2Fmedia&parent=1743"}],"wp:term":[{"taxonomy":"category","embeddable":true,"href":"https:\/\/www.toque-musicall.com\/index.php?rest_route=%2Fwp%2Fv2%2Fcategories&post=1743"},{"taxonomy":"post_tag","embeddable":true,"href":"https:\/\/www.toque-musicall.com\/index.php?rest_route=%2Fwp%2Fv2%2Ftags&post=1743"}],"curies":[{"name":"wp","href":"https:\/\/api.w.org\/{rel}","templated":true}]}}