{"id":1748,"date":"2008-02-23T21:11:00","date_gmt":"2008-02-23T21:11:00","guid":{"rendered":"http:\/\/www.toque-musicall.com\/?p=1748"},"modified":"2008-02-23T21:11:00","modified_gmt":"2008-02-23T21:11:00","slug":"wilma-bentivegna-cancao-do-amor-que-eu-lhe-dou-1963","status":"publish","type":"post","link":"https:\/\/www.toque-musicall.com\/?p=1748","title":{"rendered":"Wilma Bentivegna &#8211; Can\u00e7\u00e3o Do Amor Que Eu Lhe Dou (1963)"},"content":{"rendered":"<p><a href=\"http:\/\/2.bp.blogspot.com\/_DSKVEvHtskc\/R8CQqoohhFI\/AAAAAAAABJA\/mzAN1J4vWPk\/s1600-h\/Wilma+Bentivegna+-+P.JPG\"><img decoding=\"async\" id=\"BLOGGER_PHOTO_ID_5170291434357621842\" style=\"DISPLAY: block; MARGIN: 0px auto 10px; CURSOR: hand; TEXT-ALIGN: center\" alt=\"\" src=\"http:\/\/2.bp.blogspot.com\/_DSKVEvHtskc\/R8CQqoohhFI\/AAAAAAAABJA\/mzAN1J4vWPk\/s400\/Wilma+Bentivegna+-+P.JPG\" border=\"0\" \/><\/a>Mexendo no ba\u00fa, achei mais um \u00e1lbum raro, que por certo ir\u00e1 agradar \u00e0 &#8216;turma dos velhos tempos&#8217;. Um disco de uma cantora que hoje em dia poucos se lembram, a Wilminha Bentivegna. Ela foi uma das pioneiras da televis\u00e3o. Al\u00e9m de cantora, Wilma foi apresentadora e atriz nas primeiras novelas de tv. Trabalhou na antiga TV Paulista ao lado de outras figuras n\u00e3o menos conhecidas como Vida Alves e Hebe Camargo, apresentando o programa &#8220;O Mundo \u00c9 das Mulheres&#8221;. Na m\u00fasica fez sucesso com \u201cHino ao amor\u201d (Hymne AL&#8217;amour), na vers\u00e3o que vendeu toneladas de discos e que est\u00e1 tamb\u00e9m neste lp.<\/p>\n<div align=\"center\">can\u00e7\u00e3o do amor que lhe dou<\/div>\n<div align=\"center\">hino ao amor<\/div>\n<div align=\"center\">gra\u00e7as a deus voc\u00ea voltou<\/div>\n<div align=\"center\">minha devo\u00e7\u00e3o<\/div>\n<div align=\"center\">sonata da despedida<\/div>\n<div align=\"center\">alvorada do amor<\/div>\n<div align=\"center\">as folhas verdes de ver\u00e3o<\/div>\n<div align=\"center\">eu sem voc\u00ea<\/div>\n<div align=\"center\">\u00e9s meu amor<\/div>\n<div align=\"center\">sonata de esquecer saudade<\/div>\n<div align=\"center\">eu, a tristeza e voc\u00ea<\/div>\n<div align=\"center\">can\u00e7\u00e3o de quem espera<\/div>\n<div align=\"center\"><\/div>\n<div align=\"center\"><\/div>\n<div align=\"center\"><\/div>\n","protected":false},"excerpt":{"rendered":"<p>Mexendo no ba\u00fa, achei mais um \u00e1lbum raro, que por certo ir\u00e1 agradar \u00e0 &#8216;turma dos velhos tempos&#8217;. Um disco de uma cantora que hoje em dia poucos se lembram, a Wilminha Bentivegna. Ela foi uma das pioneiras da televis\u00e3o. &hellip; <a href=\"https:\/\/www.toque-musicall.com\/?p=1748\">Continue lendo <span class=\"meta-nav\">&rarr;<\/span><\/a><\/p>\n","protected":false},"author":1,"featured_media":0,"comment_status":"open","ping_status":"closed","sticky":false,"template":"","format":"standard","meta":{"footnotes":""},"categories":[1773],"tags":[],"class_list":["post-1748","post","type-post","status-publish","format-standard","hentry","category-wilma-bentivegna"],"_links":{"self":[{"href":"https:\/\/www.toque-musicall.com\/index.php?rest_route=\/wp\/v2\/posts\/1748","targetHints":{"allow":["GET"]}}],"collection":[{"href":"https:\/\/www.toque-musicall.com\/index.php?rest_route=\/wp\/v2\/posts"}],"about":[{"href":"https:\/\/www.toque-musicall.com\/index.php?rest_route=\/wp\/v2\/types\/post"}],"author":[{"embeddable":true,"href":"https:\/\/www.toque-musicall.com\/index.php?rest_route=\/wp\/v2\/users\/1"}],"replies":[{"embeddable":true,"href":"https:\/\/www.toque-musicall.com\/index.php?rest_route=%2Fwp%2Fv2%2Fcomments&post=1748"}],"version-history":[{"count":0,"href":"https:\/\/www.toque-musicall.com\/index.php?rest_route=\/wp\/v2\/posts\/1748\/revisions"}],"wp:attachment":[{"href":"https:\/\/www.toque-musicall.com\/index.php?rest_route=%2Fwp%2Fv2%2Fmedia&parent=1748"}],"wp:term":[{"taxonomy":"category","embeddable":true,"href":"https:\/\/www.toque-musicall.com\/index.php?rest_route=%2Fwp%2Fv2%2Fcategories&post=1748"},{"taxonomy":"post_tag","embeddable":true,"href":"https:\/\/www.toque-musicall.com\/index.php?rest_route=%2Fwp%2Fv2%2Ftags&post=1748"}],"curies":[{"name":"wp","href":"https:\/\/api.w.org\/{rel}","templated":true}]}}