{"id":1752,"date":"2008-02-21T02:28:00","date_gmt":"2008-02-21T02:28:00","guid":{"rendered":"http:\/\/www.toque-musicall.com\/?p=1752"},"modified":"2008-02-21T02:28:00","modified_gmt":"2008-02-21T02:28:00","slug":"deodato-airto-en-concierto-1974","status":"publish","type":"post","link":"https:\/\/www.toque-musicall.com\/?p=1752","title":{"rendered":"Deodato &#038; Airto &#8211; En Concierto (1974)"},"content":{"rendered":"<p><a href=\"http:\/\/3.bp.blogspot.com\/_DSKVEvHtskc\/R7zih4ohhAI\/AAAAAAAABIY\/Rs5qmzUbVzI\/s1600-h\/deodato+e+airto+P.JPG\"><img decoding=\"async\" id=\"BLOGGER_PHOTO_ID_5169255544080401410\" style=\"DISPLAY: block; MARGIN: 0px auto 10px; CURSOR: hand; TEXT-ALIGN: center\" alt=\"\" src=\"http:\/\/3.bp.blogspot.com\/_DSKVEvHtskc\/R7zih4ohhAI\/AAAAAAAABIY\/Rs5qmzUbVzI\/s400\/deodato+e+airto+P.JPG\" border=\"0\" \/><\/a>Hoje viro meu toque musical para outra dire\u00e7\u00e3o, vamos para os &#8216;states&#8217; ouvir o Brazil. Se \u00e9 verdade que o Brasil n\u00e3o conhece o Brazil, eis aqui um bom momento para conhec\u00ea-lo. Vamos ouvir dois brasileiros respeitad\u00edssimos l\u00e1 para as bandas do norte &#8211; Eumir Deodato e Airto Moreira &#8211; figuras que despensam maiores apresenta\u00e7\u00f5es. Por falar em apresenta\u00e7\u00f5es, este \u00e9 um disco gravado ao vivo, onde participa tamb\u00e9m a Flora Purin. Apesar da capa, uma edi\u00e7\u00e3o argentina, o disco foi gravado no EUA. N\u00e3o precisa nem dizer muito&#8230; coisa fina!<\/p>\n<div align=\"center\">do it again<\/div>\n<div align=\"center\">spirit of summer<\/div>\n<div align=\"center\">paran\u00e1<br \/>tropea<\/div>\n<div align=\"center\">branches<\/div>\n<div align=\"center\"><\/div>\n<div align=\"center\"><\/div>\n<div align=\"center\"> <\/div>\n","protected":false},"excerpt":{"rendered":"<p>Hoje viro meu toque musical para outra dire\u00e7\u00e3o, vamos para os &#8216;states&#8217; ouvir o Brazil. Se \u00e9 verdade que o Brasil n\u00e3o conhece o Brazil, eis aqui um bom momento para conhec\u00ea-lo. Vamos ouvir dois brasileiros respeitad\u00edssimos l\u00e1 para as &hellip; <a href=\"https:\/\/www.toque-musicall.com\/?p=1752\">Continue lendo <span class=\"meta-nav\">&rarr;<\/span><\/a><\/p>\n","protected":false},"author":1,"featured_media":0,"comment_status":"open","ping_status":"closed","sticky":false,"template":"","format":"standard","meta":{"footnotes":""},"categories":[574,1775],"tags":[],"class_list":["post-1752","post","type-post","status-publish","format-standard","hentry","category-airto-moreira","category-elmir-deodato"],"_links":{"self":[{"href":"https:\/\/www.toque-musicall.com\/index.php?rest_route=\/wp\/v2\/posts\/1752","targetHints":{"allow":["GET"]}}],"collection":[{"href":"https:\/\/www.toque-musicall.com\/index.php?rest_route=\/wp\/v2\/posts"}],"about":[{"href":"https:\/\/www.toque-musicall.com\/index.php?rest_route=\/wp\/v2\/types\/post"}],"author":[{"embeddable":true,"href":"https:\/\/www.toque-musicall.com\/index.php?rest_route=\/wp\/v2\/users\/1"}],"replies":[{"embeddable":true,"href":"https:\/\/www.toque-musicall.com\/index.php?rest_route=%2Fwp%2Fv2%2Fcomments&post=1752"}],"version-history":[{"count":0,"href":"https:\/\/www.toque-musicall.com\/index.php?rest_route=\/wp\/v2\/posts\/1752\/revisions"}],"wp:attachment":[{"href":"https:\/\/www.toque-musicall.com\/index.php?rest_route=%2Fwp%2Fv2%2Fmedia&parent=1752"}],"wp:term":[{"taxonomy":"category","embeddable":true,"href":"https:\/\/www.toque-musicall.com\/index.php?rest_route=%2Fwp%2Fv2%2Fcategories&post=1752"},{"taxonomy":"post_tag","embeddable":true,"href":"https:\/\/www.toque-musicall.com\/index.php?rest_route=%2Fwp%2Fv2%2Ftags&post=1752"}],"curies":[{"name":"wp","href":"https:\/\/api.w.org\/{rel}","templated":true}]}}