{"id":1754,"date":"2008-02-20T02:39:00","date_gmt":"2008-02-20T02:39:00","guid":{"rendered":"http:\/\/www.toque-musicall.com\/?p=1754"},"modified":"2008-02-20T02:39:00","modified_gmt":"2008-02-20T02:39:00","slug":"germano-mathias-o-catedratico-do-samba-1968","status":"publish","type":"post","link":"https:\/\/www.toque-musicall.com\/?p=1754","title":{"rendered":"Germano Mathias &#8211; O Catedr\u00e1tico do Samba (1968)"},"content":{"rendered":"<p><a href=\"http:\/\/4.bp.blogspot.com\/_DSKVEvHtskc\/R7uUxYohg-I\/AAAAAAAABII\/tZ1sjSaprsw\/s1600-h\/germano+mathias+P.JPG\"><img decoding=\"async\" id=\"BLOGGER_PHOTO_ID_5168888573484696546\" style=\"DISPLAY: block; MARGIN: 0px auto 10px; CURSOR: hand; TEXT-ALIGN: center\" alt=\"\" src=\"http:\/\/4.bp.blogspot.com\/_DSKVEvHtskc\/R7uUxYohg-I\/AAAAAAAABII\/tZ1sjSaprsw\/s400\/germano+mathias+P.JPG\" border=\"0\" \/><\/a> Hoje eu achei que n\u00e3o conseguiria postar, devido a uma manuten\u00e7\u00e3o de emerg\u00eancia no Velox. \u00cata servi\u00e7inho &#8216;nas coxas&#8217;&#8230; Eles n\u00e3o avisam e nem d\u00e3o desconto na pr\u00f3xima fatura dessas furadas. O consumidor que se f&#8230; Felizmente voltou a tempo e na minha falta de tempo vou entrando com o catedr\u00e1tico Germano Mathias, uma das figuras mais importantes do samba paulista (e brasileiro, claro!). Estou postando este disco, mas me lembrei que as faixas 1 e 7 est\u00e3o ruins. N\u00e3o consegui encontrar um arquivo mais de(s)cente. Se algu\u00e9m tiver algo melhor, por favor, n\u00e3o fa\u00e7a cerimonia&#8230; Mesmo assim vale ouvir este sambista que continua na ativa&#8230;<\/p>\n<div align=\"center\">1 Doutor no samba (Padeirinho da Mangueira)<br \/>2 Est\u00f3ria de um sambista Ant\u00f4nio Bruno &#8211; Elzo Augusto)<br \/>3 Terreiro de Itacuru\u00e7\u00e1 (Padeirinho da Mangueira)<br \/>4 Mundo c\u00e3o (Sebasti\u00e3o Silveira &#8211; Jorge Costa)<br \/>5 Depois da tempestade (Elzo Augusto)<br \/>6 Vou ficar devagar (Nelson Pechincha &#8211; Padeirinho da Mangueira)<br \/>7 N\u00e3o tenho sorte (T\u00f3bis)<br \/>8 Palavra saudade (Elzo Augusto)<br \/>9 Bacharel de gafieira (Conde)<br \/>10 Cozinheiro \u00e0 for\u00e7a (Ribeiro Valente &#8211; Altamiro Carrilho)<br \/>11 Minha n\u00eaga, minha m\u00e1quina (Carlos Imperial)<br \/>12 Regenerado (Z\u00e9 K\u00e9ti)<\/div>\n<div align=\"center\"><\/div>\n<div align=\"center\"><\/div>\n<div align=\"center\"><\/div>\n","protected":false},"excerpt":{"rendered":"<p>Hoje eu achei que n\u00e3o conseguiria postar, devido a uma manuten\u00e7\u00e3o de emerg\u00eancia no Velox. \u00cata servi\u00e7inho &#8216;nas coxas&#8217;&#8230; Eles n\u00e3o avisam e nem d\u00e3o desconto na pr\u00f3xima fatura dessas furadas. O consumidor que se f&#8230; Felizmente voltou a tempo &hellip; <a href=\"https:\/\/www.toque-musicall.com\/?p=1754\">Continue lendo <span class=\"meta-nav\">&rarr;<\/span><\/a><\/p>\n","protected":false},"author":1,"featured_media":0,"comment_status":"open","ping_status":"closed","sticky":false,"template":"","format":"standard","meta":{"footnotes":""},"categories":[272],"tags":[],"class_list":["post-1754","post","type-post","status-publish","format-standard","hentry","category-germano-mathias"],"_links":{"self":[{"href":"https:\/\/www.toque-musicall.com\/index.php?rest_route=\/wp\/v2\/posts\/1754","targetHints":{"allow":["GET"]}}],"collection":[{"href":"https:\/\/www.toque-musicall.com\/index.php?rest_route=\/wp\/v2\/posts"}],"about":[{"href":"https:\/\/www.toque-musicall.com\/index.php?rest_route=\/wp\/v2\/types\/post"}],"author":[{"embeddable":true,"href":"https:\/\/www.toque-musicall.com\/index.php?rest_route=\/wp\/v2\/users\/1"}],"replies":[{"embeddable":true,"href":"https:\/\/www.toque-musicall.com\/index.php?rest_route=%2Fwp%2Fv2%2Fcomments&post=1754"}],"version-history":[{"count":0,"href":"https:\/\/www.toque-musicall.com\/index.php?rest_route=\/wp\/v2\/posts\/1754\/revisions"}],"wp:attachment":[{"href":"https:\/\/www.toque-musicall.com\/index.php?rest_route=%2Fwp%2Fv2%2Fmedia&parent=1754"}],"wp:term":[{"taxonomy":"category","embeddable":true,"href":"https:\/\/www.toque-musicall.com\/index.php?rest_route=%2Fwp%2Fv2%2Fcategories&post=1754"},{"taxonomy":"post_tag","embeddable":true,"href":"https:\/\/www.toque-musicall.com\/index.php?rest_route=%2Fwp%2Fv2%2Ftags&post=1754"}],"curies":[{"name":"wp","href":"https:\/\/api.w.org\/{rel}","templated":true}]}}