{"id":176,"date":"2012-01-17T13:44:00","date_gmt":"2012-01-17T13:44:00","guid":{"rendered":"http:\/\/www.toque-musicall.com\/?p=176"},"modified":"2012-01-17T13:44:00","modified_gmt":"2012-01-17T13:44:00","slug":"armandos-trio-som-de-boate-vol-2-1970","status":"publish","type":"post","link":"https:\/\/www.toque-musicall.com\/?p=176","title":{"rendered":"Armando&#8217;s Trio &#8211; Som De Boate Vol. 2 (1970)"},"content":{"rendered":"<p><a href=\"http:\/\/4.bp.blogspot.com\/-8wbroiLlxRE\/TxV8uuNa82I\/AAAAAAAAA4o\/3VsC59ypclc\/s1600\/capa+P.JPG\"><img decoding=\"async\" style=\"display:block; margin:0px auto 10px; text-align:center;cursor:pointer; cursor:hand;width: 400px; height: 396px;\" src=\"http:\/\/4.bp.blogspot.com\/-8wbroiLlxRE\/TxV8uuNa82I\/AAAAAAAAA4o\/3VsC59ypclc\/s400\/capa+P.JPG\" border=\"0\" alt=\"\" id=\"BLOGGER_PHOTO_ID_5698598045627380578\" \/><\/a><a href=\"http:\/\/3.bp.blogspot.com\/-5nHcSXi5Dqk\/TxV8pxEkGcI\/AAAAAAAAA4c\/qWtOK79JnGU\/s1600\/contracapa+P.JPG\"><img decoding=\"async\" style=\"display:block; margin:0px auto 10px; text-align:center;cursor:pointer; cursor:hand;width: 400px; height: 390px;\" src=\"http:\/\/3.bp.blogspot.com\/-5nHcSXi5Dqk\/TxV8pxEkGcI\/AAAAAAAAA4c\/qWtOK79JnGU\/s400\/contracapa+P.JPG\" border=\"0\" alt=\"\" id=\"BLOGGER_PHOTO_ID_5698597960496191938\" \/><\/a>Bom dia, amigos cultos e ocultos! Metendo a m\u00e3o no gavet\u00e3o virtual, tirei por sorteio o disco de hoje. Temos aqui mais um disco do <a href=\"http:\/\/toque-musical.blogspot.com\/search\/label\/Armando's%20Trio\">Armando de Souza Lima<\/a>, mais conhecido como &#8216;Armando do Solovox&#8217;. Este \u00e9 mais um de seus discos prometidos, que eu vivo ensaiando em post\u00e1-lo, mas nunca o fiz. &#8220;Som de Boate&#8221; saiu pela Odeon, atrav\u00e9s de seu selo Imperial. Ali\u00e1s, este foi o segundo volume, mas com eu j\u00e1 comecei na desordem, o primeiro fica para uma pr\u00f3xima oportunidade. Eu j\u00e1 falei aqui sobre o Armando do Solovox, por sinal, a \u00fanica informa\u00e7\u00e3o relevante sobre esse compositor e instrumentista est\u00e1 <a href=\"http:\/\/toque-musical.blogspot.com\/search\/label\/Armando's%20Trio\">nas p\u00e1ginas do Toque Musical<\/a>. Ele veio do Amazonas, se firmou como m\u00fasico no Rio de Janeiro, na d\u00e9cada de 50. Gravou v\u00e1rios discos, inclusive de 78 rpm. Como eu j\u00e1 disse, o seu grande diferencial era o Solovox, um pequeno teclado, inventado nos anos 40 por um engenheiro da Hammond, que era acoplado ao piano ou org\u00e3o. Armando era conhecido como o &#8220;Rei do Solovox&#8221;. Nos anos 60 ele tocava muito em casas noturnas, boates e restaurantes, e seu som era ideal para esses lugares. O piano e o solovox juntos tocavam ao fundo, suavemente, transformando o falat\u00f3rio e o barulhinho de lou\u00e7as e talheres numa esp\u00e9cie de &#8216;sinfonia ambiente&#8217;. Acho que \u00e9 da\u00ed que vem aquela de &#8220;m\u00fasica ambiente&#8221;. Sem d\u00favida, sua m\u00fasica era tamb\u00e9m \u00f3tima para se ouvir no elevador ou em grandes magazines, coisa que hoje em dia n\u00e3o se ouve mais.<\/p>\n<div>&#8220;Som de Boate&#8221; reflete bem esse seu momento tocando em casas noturnas. No repert\u00f3rio cabia de tudo, mas principalmente temas consagrados, que ganhavam aqui uma interpreta\u00e7\u00e3o singular, principalmente com o tal tecladinho. Neste segundo volume, que \u00e9 quase uma continua\u00e7\u00e3o do primeiro, temos uma sele\u00e7\u00e3o musical onde predomina os temas internacionais, sucessos daqueles momentos. Mas cabe tamb\u00e9m o autoral e o samba. H\u00e1 inclusive uma faixa de &#8216;pot pourri&#8217; com os sambas: &#8220;Vem chegando a madrugada&#8221;, de Noel Rosa de Oliveira e Adil de Paula; &#8220;Atira a primeira pedra&#8221;, de Ataulfo Alves e M\u00e1rio Lago e &#8220;Tristeza&#8221;, de Haroldo Lobo e Miltinho. Pessoalmente eu gosto e destacaria outra mistura, a faixa 2 do lado B, temos nessa a deliciosa &#8220;Mah-n\u00e1, mah-n\u00e1&#8221;, do genial compositor italiano Piero Umiliani; &#8220;Palmas no samba&#8221;, de autoria do pr\u00f3prio Armando e &#8220;O conde&#8221;,  de Evaldo Gouveia e Jair Amorim. E tem mais&#8230; Vale dar uma conferida!<\/div>\n<div><\/div>\n<div style=\"text-align: center;\">you&#8217;ve got your troubles<\/div>\n<div style=\"text-align: center;\">parole<\/div>\n<div style=\"text-align: center;\">misty<\/div>\n<div style=\"text-align: center;\">vem chegando a madrugada<\/div>\n<div style=\"text-align: center;\">atira a primeira pedra<\/div>\n<div style=\"text-align: center;\">tristeza<\/div>\n<div style=\"text-align: center;\">gorgeio<\/div>\n<div style=\"text-align: center;\">hey jude<\/div>\n<div style=\"text-align: center;\">mah-n\u00e1, mah-n\u00e1<\/div>\n<div style=\"text-align: center;\">palmas no samba<\/div>\n<div style=\"text-align: center;\">o conde<\/div>\n<div style=\"text-align: center;\">somewhere my love<\/div>\n<div style=\"text-align: center;\">love is all<\/div>\n<div style=\"text-align: center;\">i started a joke<\/div>\n<div style=\"text-align: center;\">it hurts to say goodbye<\/div>\n<div style=\"text-align: center;\"><\/div>\n<div style=\"text-align: center;\"><\/div>\n","protected":false},"excerpt":{"rendered":"<p>Bom dia, amigos cultos e ocultos! Metendo a m\u00e3o no gavet\u00e3o virtual, tirei por sorteio o disco de hoje. Temos aqui mais um disco do Armando de Souza Lima, mais conhecido como &#8216;Armando do Solovox&#8217;. Este \u00e9 mais um de &hellip; <a href=\"https:\/\/www.toque-musicall.com\/?p=176\">Continue lendo <span class=\"meta-nav\">&rarr;<\/span><\/a><\/p>\n","protected":false},"author":1,"featured_media":0,"comment_status":"open","ping_status":"closed","sticky":false,"template":"","format":"standard","meta":{"footnotes":""},"categories":[323,325,324,3],"tags":[],"class_list":["post-176","post","type-post","status-publish","format-standard","hentry","category-armando-do-solovox","category-armando-y-su-solovox","category-armandos-trio","category-selo-imperial"],"_links":{"self":[{"href":"https:\/\/www.toque-musicall.com\/index.php?rest_route=\/wp\/v2\/posts\/176","targetHints":{"allow":["GET"]}}],"collection":[{"href":"https:\/\/www.toque-musicall.com\/index.php?rest_route=\/wp\/v2\/posts"}],"about":[{"href":"https:\/\/www.toque-musicall.com\/index.php?rest_route=\/wp\/v2\/types\/post"}],"author":[{"embeddable":true,"href":"https:\/\/www.toque-musicall.com\/index.php?rest_route=\/wp\/v2\/users\/1"}],"replies":[{"embeddable":true,"href":"https:\/\/www.toque-musicall.com\/index.php?rest_route=%2Fwp%2Fv2%2Fcomments&post=176"}],"version-history":[{"count":0,"href":"https:\/\/www.toque-musicall.com\/index.php?rest_route=\/wp\/v2\/posts\/176\/revisions"}],"wp:attachment":[{"href":"https:\/\/www.toque-musicall.com\/index.php?rest_route=%2Fwp%2Fv2%2Fmedia&parent=176"}],"wp:term":[{"taxonomy":"category","embeddable":true,"href":"https:\/\/www.toque-musicall.com\/index.php?rest_route=%2Fwp%2Fv2%2Fcategories&post=176"},{"taxonomy":"post_tag","embeddable":true,"href":"https:\/\/www.toque-musicall.com\/index.php?rest_route=%2Fwp%2Fv2%2Ftags&post=176"}],"curies":[{"name":"wp","href":"https:\/\/api.w.org\/{rel}","templated":true}]}}