{"id":1760,"date":"2008-02-16T17:21:00","date_gmt":"2008-02-16T17:21:00","guid":{"rendered":"http:\/\/www.toque-musicall.com\/?p=1760"},"modified":"2008-02-16T17:21:00","modified_gmt":"2008-02-16T17:21:00","slug":"liberdade-liberdade-espetaculo-cenico-musical-1965","status":"publish","type":"post","link":"https:\/\/www.toque-musicall.com\/?p=1760","title":{"rendered":"Liberdade, liberdade&#8230; &#8211; Espet\u00e1culo C\u00e9nico-musical (1965)"},"content":{"rendered":"<p><a href=\"http:\/\/4.bp.blogspot.com\/_DSKVEvHtskc\/R7cd9Yohg4I\/AAAAAAAABHY\/5g1Fn5kjNeg\/s1600-h\/liberdade,+liberdade+-+1965.jpg\"><img decoding=\"async\" id=\"BLOGGER_PHOTO_ID_5167632037852578690\" style=\"DISPLAY: block; MARGIN: 0px auto 10px; CURSOR: hand; TEXT-ALIGN: center\" alt=\"\" src=\"http:\/\/4.bp.blogspot.com\/_DSKVEvHtskc\/R7cd9Yohg4I\/AAAAAAAABHY\/5g1Fn5kjNeg\/s400\/liberdade,+liberdade+-+1965.jpg\" border=\"0\" \/><\/a> Aproveitando a onda do &#8220;deixa que eu edito&#8221;, aqui vai mais um disco sem separa\u00e7\u00e3o de faixas. Na verdade este \u00e9 um \u00e1lbum que n\u00e3o carece necessariamente de tal edi\u00e7\u00e3o. Isto porque o espet\u00e1culo tamb\u00e9m n\u00e3o tem pausas. Assim, s\u00f3 faz sentido separar as faixas para facilitar a localiza\u00e7\u00e3o imediata de algum trecho.  Este disco \u00e9 o registro ao vivo do espet\u00e1culo c\u00e9nico-musical, apresentado no Teatro de Arena de Copacabana em abril de 1965, com texto de Mill\u00f4r Fernandes e dire\u00e7\u00e3o de Fl\u00e1vio Rangel. O elenco era formado por Paulo Autran, Tereza Rachel, Nara Le\u00e3o e Oduvaldo Vianna Filho, numa produ\u00e7\u00e3o conjunta do Teatro Opini\u00e3o e do Teatro de Arena de S\u00e3o Paulo. Em plena ditadura militar o musical, se \u00e9 que podemos dizer assim, foi sucesso imediato, percorrendo v\u00e1rias cidades do pa\u00eds. No ano seguinte, diante a repercuss\u00e3o, os militares resolvem proibir sua apresenta\u00e7\u00e3o.<\/p>\n<p>&#8220;Muitos achar\u00e3o que Liberdade, Liberdade \u00e9 excessivamente circunstancial. O ato cultural muito submetido ao ato pol\u00edtico. Para n\u00f3s, essa \u00e9 a sua principal qualidade. (&#8230;) Consciente de si, do seu mundo, [o artista brasileiro] marca a sua liberdade, inclusive, realizando obras que s\u00e3o necess\u00e1rias s\u00f3 por um instante. E que, para serem boas, necessariamente ter\u00e3o que ser feitas para desaparecer; deixando na hist\u00f3ria n\u00e3o a obra, mas, a posi\u00e7\u00e3o. (&#8230;) muitas vezes a circunst\u00e2ncia \u00e9 t\u00e3o clara, t\u00e3o imperiosa, que sobe \u00e0 realidade (&#8230;). Afirmamos que nesse instante a realidade mais profunda \u00e9 a pr\u00f3pria circunst\u00e2ncia &#8211; e nesse momento n\u00e3o ser circunstancial \u00e9 n\u00e3o ser real&#8221;.<br \/><span style=\"font-size:85%;\"><em>Trecho do manifesto do Grupo Opini\u00e3o<\/em><\/span><\/p>\n<div><span  style=\"font-size:small;\"><i><br \/><\/i><\/span><\/div>\n<div><span  style=\"font-size:small;\"><i><br \/><\/i><\/span><\/div>\n","protected":false},"excerpt":{"rendered":"<p>Aproveitando a onda do &#8220;deixa que eu edito&#8221;, aqui vai mais um disco sem separa\u00e7\u00e3o de faixas. Na verdade este \u00e9 um \u00e1lbum que n\u00e3o carece necessariamente de tal edi\u00e7\u00e3o. Isto porque o espet\u00e1culo tamb\u00e9m n\u00e3o tem pausas. Assim, s\u00f3 &hellip; <a href=\"https:\/\/www.toque-musicall.com\/?p=1760\">Continue lendo <span class=\"meta-nav\">&rarr;<\/span><\/a><\/p>\n","protected":false},"author":1,"featured_media":0,"comment_status":"open","ping_status":"closed","sticky":false,"template":"","format":"standard","meta":{"footnotes":""},"categories":[1778,288,1776,1187,1777,346,1303],"tags":[],"class_list":["post-1760","post","type-post","status-publish","format-standard","hentry","category-liberdade-liberdade","category-nara-leao","category-oduvaldo-vianna-filho","category-paulo-autran","category-tereza-rachel","category-trilhas","category-variados"],"_links":{"self":[{"href":"https:\/\/www.toque-musicall.com\/index.php?rest_route=\/wp\/v2\/posts\/1760","targetHints":{"allow":["GET"]}}],"collection":[{"href":"https:\/\/www.toque-musicall.com\/index.php?rest_route=\/wp\/v2\/posts"}],"about":[{"href":"https:\/\/www.toque-musicall.com\/index.php?rest_route=\/wp\/v2\/types\/post"}],"author":[{"embeddable":true,"href":"https:\/\/www.toque-musicall.com\/index.php?rest_route=\/wp\/v2\/users\/1"}],"replies":[{"embeddable":true,"href":"https:\/\/www.toque-musicall.com\/index.php?rest_route=%2Fwp%2Fv2%2Fcomments&post=1760"}],"version-history":[{"count":0,"href":"https:\/\/www.toque-musicall.com\/index.php?rest_route=\/wp\/v2\/posts\/1760\/revisions"}],"wp:attachment":[{"href":"https:\/\/www.toque-musicall.com\/index.php?rest_route=%2Fwp%2Fv2%2Fmedia&parent=1760"}],"wp:term":[{"taxonomy":"category","embeddable":true,"href":"https:\/\/www.toque-musicall.com\/index.php?rest_route=%2Fwp%2Fv2%2Fcategories&post=1760"},{"taxonomy":"post_tag","embeddable":true,"href":"https:\/\/www.toque-musicall.com\/index.php?rest_route=%2Fwp%2Fv2%2Ftags&post=1760"}],"curies":[{"name":"wp","href":"https:\/\/api.w.org\/{rel}","templated":true}]}}