{"id":1763,"date":"2008-02-16T00:42:00","date_gmt":"2008-02-16T00:42:00","guid":{"rendered":"http:\/\/www.toque-musicall.com\/?p=1763"},"modified":"2008-02-16T00:42:00","modified_gmt":"2008-02-16T00:42:00","slug":"quinteto-violado-1972","status":"publish","type":"post","link":"https:\/\/www.toque-musicall.com\/?p=1763","title":{"rendered":"Quinteto Violado (1972)"},"content":{"rendered":"<div>\n<div><a href=\"http:\/\/4.bp.blogspot.com\/_DSKVEvHtskc\/R7Y0RoohgzI\/AAAAAAAABGw\/tdl1dwn-O0M\/s1600-h\/qv+-+frenteP.JPG\"><img decoding=\"async\" id=\"BLOGGER_PHOTO_ID_5167375100024030002\" style=\"DISPLAY: block; MARGIN: 0px auto 10px; CURSOR: hand; TEXT-ALIGN: center\" alt=\"\" src=\"http:\/\/4.bp.blogspot.com\/_DSKVEvHtskc\/R7Y0RoohgzI\/AAAAAAAABGw\/tdl1dwn-O0M\/s400\/qv+-+frenteP.JPG\" border=\"0\" \/><\/a><img decoding=\"async\" id=\"BLOGGER_PHOTO_ID_5167377977652118354\" style=\"DISPLAY: block; MARGIN: 0px auto 10px; CURSOR: hand; TEXT-ALIGN: center\" alt=\"\" src=\"http:\/\/2.bp.blogspot.com\/_DSKVEvHtskc\/R7Y25Iohg1I\/AAAAAAAABHA\/FNNqmcFJ4fs\/s400\/Paladin+-+P.JPG\" border=\"0\" \/><img decoding=\"async\" id=\"BLOGGER_PHOTO_ID_5167377204558005058\" style=\"DISPLAY: block; MARGIN: 0px auto 10px; CURSOR: hand; TEXT-ALIGN: center\" alt=\"\" src=\"http:\/\/2.bp.blogspot.com\/_DSKVEvHtskc\/R7Y2MIohg0I\/AAAAAAAABG4\/uBq-cmn-fWQ\/s400\/quinteto+violado+asa+branca2.jpg\" border=\"0\" \/>Comecei a postagem do dia com um certo atraso. A \u2018lomba\u2019 que bateu depois de eu ter tomado duas cervejas, nesse calor escaldante  me deixou na maior pregui\u00e7a. Acabei indo para cama cedo, mas pelo menos deixei prontas as postagens para entrarem no dia seguinte (hoje s\u00e1bado). Por certo isso n\u00e3o criou ansiedade, pois afinal ningu\u00e9m reclamou a falta do di\u00e1rio.<\/div>\n<div>Bom, vamos ao que interessa&#8230; vamos com uma j\u00f3ia curiosa (ou a curiosidade de uma j\u00f3ia musical). Aqui temos um disco do Quinteto Violado, o primeiro, lan\u00e7ado pela Philips\/Phonogram em 1972. Este \u00e9 um \u00e1lbum raro e muito procurado por colecionadores de vinil. N\u00e3o exatamente por ter sido lan\u00e7ado \u00e0 36 anos atr\u00e1s ou mesmo por ser o primeiro do grupo. A raridade vem de um fato curioso que aconteceu na \u00e9poca de seu lan\u00e7amento. Em uma \u00e9poca em que no Brasil a quest\u00e3o de direitos autorais valia tanto como a lei que proibia fumar dentro de \u00f4nibus. Um tempo em que o respeito pela cria\u00e7\u00e3o de outro n\u00e3o valia muito por essas bandas do sul (muitos dir\u00e3o que isso ainda existe&#8230; ups!). O fato \u00e9 que ao lan\u00e7arem o disco do Quinteto, os produtores resolveram usar uma ilustra\u00e7\u00e3o do artista gr\u00e1fico Roger Dean, famoso por seus desenhos em capas de disco de rock (lembram do Yes?). At\u00e9 a\u00ed tudo certo. S\u00f3 que quem cuidou do trabalho de arte gr\u00e1fica, achou por bem alterar o desenho, sem autoriza\u00e7\u00e3o do autor, mexendo um pouco nas cores e estilizando o cavaleiro em um vaqueiro nordestino (reparem o chap\u00e9u). Para piorar a situa\u00e7\u00e3o, o desenho original foi usado (no mesmo ano) para ilustrar a capa de um outro disco, o \u00e1lbum do Paladin, uma banda de rock progressivo inglesa. Os dois \u00e1lbuns foram lan\u00e7ados no mesmo ano. Observem as diferen\u00e7as nas capas. Com certeza, o cara que cuidou da capa do Quinteto nem sabia da exist\u00eancia do Paladin e muito menos do Roger Dean, cujo cr\u00e9dito de cria\u00e7\u00e3o nem aparece no disco. N\u00e3o tenho certeza, mas acho que foi quando do lan\u00e7amento do disco brasileiro no Jap\u00e3o que eles se tocaram para o fato. A partir da\u00ed, o primeiro disco do QV passou a ter outra capa. Mudaram a ilustra\u00e7\u00e3o, colocando em seu lugar a foto com pombas brancas voando no c\u00e9u. Hoje, quem tem o lp com a capa inicial pode ter certeza de estar com uma raridade nas m\u00e3os. Colecionadores pagam muito bem por este lp. Quem se interessar, o meu t\u00e1 zerado!<\/div>\n<div>Contudo, todavia e muito mais, o conte\u00fado musical deste disco do Quinteto Violado \u00e9 pra l\u00e1 de bom (o Paladin tamb\u00e9m). Vale a pena conferir, quem ainda n\u00e3o conhece ou n\u00e3o o viu por outros blogs musicais (valeu Acesso Raro!)<\/div>\n<div><\/div>\n<div style=\"text-align: center;\">01 &#8211; Asa Branca (Luis Gonzaga \/ Humberto Teixeira)<\/div>\n<div style=\"text-align: center;\">02 &#8211; Freviola (Marcelo Melo)<\/div>\n<div style=\"text-align: center;\">03 &#8211; Santana (Fernando Filizola)<\/div>\n<div style=\"text-align: center;\">04 &#8211; Reflexo (Luciano Pimentel \/ Fernando Filizola \/ Toinho Alves)<\/div>\n<div style=\"text-align: center;\">05 &#8211; Imagens do Recife (Deda \/ Marcelo Melo \/ Toinho Alves)<\/div>\n<div style=\"text-align: center;\">06 &#8211; Roda de Ciranda (Marcelo Melo \/ Toinho Alves)<\/div>\n<div style=\"text-align: center;\">07 &#8211; Bai\u00e3o da Garoa (Luis Gonzaga \/ Herv\u00e9 Cordovil)08 &#8211; Acau\u00e3 (Z\u00e9 Dantas)<\/div>\n<div style=\"text-align: center;\">09 &#8211; Marcha Nativa dos \u00cdndios Quiriris (Toinho Alves \/ Marcelo Melo)<\/div>\n<div style=\"text-align: center;\">10 &#8211; Vozes da Seca (Luis Gonzaga \/ Z\u00e9 Dantas)11 &#8211; Agreste (Fernando Filizola \/ Sando)<\/div>\n<div style=\"text-align: center;\"><\/div>\n<div style=\"text-align: center;\"><\/div>\n<\/div>\n","protected":false},"excerpt":{"rendered":"<p>Comecei a postagem do dia com um certo atraso. A \u2018lomba\u2019 que bateu depois de eu ter tomado duas cervejas, nesse calor escaldante me deixou na maior pregui\u00e7a. Acabei indo para cama cedo, mas pelo menos deixei prontas as postagens &hellip; <a href=\"https:\/\/www.toque-musicall.com\/?p=1763\">Continue lendo <span class=\"meta-nav\">&rarr;<\/span><\/a><\/p>\n","protected":false},"author":1,"featured_media":0,"comment_status":"open","ping_status":"closed","sticky":false,"template":"","format":"standard","meta":{"footnotes":""},"categories":[1388],"tags":[],"class_list":["post-1763","post","type-post","status-publish","format-standard","hentry","category-quinteto-violado"],"_links":{"self":[{"href":"https:\/\/www.toque-musicall.com\/index.php?rest_route=\/wp\/v2\/posts\/1763","targetHints":{"allow":["GET"]}}],"collection":[{"href":"https:\/\/www.toque-musicall.com\/index.php?rest_route=\/wp\/v2\/posts"}],"about":[{"href":"https:\/\/www.toque-musicall.com\/index.php?rest_route=\/wp\/v2\/types\/post"}],"author":[{"embeddable":true,"href":"https:\/\/www.toque-musicall.com\/index.php?rest_route=\/wp\/v2\/users\/1"}],"replies":[{"embeddable":true,"href":"https:\/\/www.toque-musicall.com\/index.php?rest_route=%2Fwp%2Fv2%2Fcomments&post=1763"}],"version-history":[{"count":0,"href":"https:\/\/www.toque-musicall.com\/index.php?rest_route=\/wp\/v2\/posts\/1763\/revisions"}],"wp:attachment":[{"href":"https:\/\/www.toque-musicall.com\/index.php?rest_route=%2Fwp%2Fv2%2Fmedia&parent=1763"}],"wp:term":[{"taxonomy":"category","embeddable":true,"href":"https:\/\/www.toque-musicall.com\/index.php?rest_route=%2Fwp%2Fv2%2Fcategories&post=1763"},{"taxonomy":"post_tag","embeddable":true,"href":"https:\/\/www.toque-musicall.com\/index.php?rest_route=%2Fwp%2Fv2%2Ftags&post=1763"}],"curies":[{"name":"wp","href":"https:\/\/api.w.org\/{rel}","templated":true}]}}