{"id":1765,"date":"2008-02-14T22:55:00","date_gmt":"2008-02-14T22:55:00","guid":{"rendered":"http:\/\/www.toque-musicall.com\/?p=1765"},"modified":"2008-02-14T22:55:00","modified_gmt":"2008-02-14T22:55:00","slug":"walter-franco-vela-aberta-1980","status":"publish","type":"post","link":"https:\/\/www.toque-musicall.com\/?p=1765","title":{"rendered":"Walter Franco &#8211; Vela Aberta (1980)"},"content":{"rendered":"<p><a href=\"http:\/\/3.bp.blogspot.com\/_DSKVEvHtskc\/R7TMZ4ohgwI\/AAAAAAAABGY\/PcVSeTd51cI\/s1600-h\/Walter+Franco+-+P.JPG\"><img decoding=\"async\" id=\"BLOGGER_PHOTO_ID_5166979417571951362\" style=\"DISPLAY: block; MARGIN: 0px auto 10px; CURSOR: hand; TEXT-ALIGN: center\" alt=\"\" src=\"http:\/\/3.bp.blogspot.com\/_DSKVEvHtskc\/R7TMZ4ohgwI\/AAAAAAAABGY\/PcVSeTd51cI\/s400\/Walter+Franco+-+P.JPG\" border=\"0\" \/><\/a><\/p>\n<div>Hoje eu quero dar um toque musical para dois artistas que est\u00e3o entre os meus mais queridos. Come\u00e7o com este disco do Walter Franco, que n\u00e3o \u00e9 nenhuma raridade ou novidade, mas que fa\u00e7o quest\u00e3o de t\u00ea-lo entre minhas postagens. Passar a manh\u00e3 de hoje ouvindo esta p\u00e9rola, me motivou&#8230; Benditos sejam os &#8216;malditos&#8217; da m\u00fasica brasileira, pois eles ser\u00e3o sempre o destaque da minha emo\u00e7\u00e3o musical. Compartilho com todos esse momento&#8230;<\/div>\n<div>Ups! S\u00f3 agora percebi&#8230; este aqui voc\u00ea tamb\u00e9m pode achar no <a href=\"http:\/\/loronix.blogspot.com\/2007\/12\/walter-franco-vela-aberta-1980.html\">Loronix<\/a> (esse Zecalouro&#8230; sempre chegando primeiro :D)<\/div>\n<div> <\/div>\n<div align=\"center\"><\/div>\n<div align=\"center\">01 &#8211; Vela Aberta (Walter Franco \/ Cid Franco)<\/div>\n<div align=\"center\">02 &#8211; O Dia do Criador (Walter Franco)<\/div>\n<div align=\"center\">03 &#8211; Canalha (Walter Franco)<\/div>\n<div align=\"center\">04 &#8211; Corpo Luminoso (Walter Franco \/ Regis Bonvicino)<\/div>\n<div align=\"center\">05 &#8211; Divindade (Walter Franco)<\/div>\n<div align=\"center\">06 &#8211; Tire os P\u00e9s do Ch\u00e3o (Walter Franco)<\/div>\n<div align=\"center\">07 &#8211; Como Tem Passado (Walter Franco)<\/div>\n<div align=\"center\">08 &#8211; Feito Gente (Walter Franco)<\/div>\n<div align=\"center\">09 &#8211; Me Deixe Mudo (Walter Franco)<\/div>\n<div align=\"center\">10 &#8211; Bicho de Pel\u00facia (Walter Franco \/ Sergio Pinto de Almeida)<\/div>\n<div align=\"center\">11 &#8211; O Blues \u00c9 Azul (Walter Franco)<\/div>\n<div align=\"center\">12 &#8211; Serra do Luar (Walter Franco) &#8211; B\u00f4nus<\/div>\n<div align=\"center\"><\/div>\n<div align=\"center\"><\/div>\n<div align=\"center\"> <\/div>\n","protected":false},"excerpt":{"rendered":"<p>Hoje eu quero dar um toque musical para dois artistas que est\u00e3o entre os meus mais queridos. Come\u00e7o com este disco do Walter Franco, que n\u00e3o \u00e9 nenhuma raridade ou novidade, mas que fa\u00e7o quest\u00e3o de t\u00ea-lo entre minhas postagens. &hellip; <a href=\"https:\/\/www.toque-musicall.com\/?p=1765\">Continue lendo <span class=\"meta-nav\">&rarr;<\/span><\/a><\/p>\n","protected":false},"author":1,"featured_media":0,"comment_status":"open","ping_status":"closed","sticky":false,"template":"","format":"standard","meta":{"footnotes":""},"categories":[1703],"tags":[],"class_list":["post-1765","post","type-post","status-publish","format-standard","hentry","category-walter-franco"],"_links":{"self":[{"href":"https:\/\/www.toque-musicall.com\/index.php?rest_route=\/wp\/v2\/posts\/1765","targetHints":{"allow":["GET"]}}],"collection":[{"href":"https:\/\/www.toque-musicall.com\/index.php?rest_route=\/wp\/v2\/posts"}],"about":[{"href":"https:\/\/www.toque-musicall.com\/index.php?rest_route=\/wp\/v2\/types\/post"}],"author":[{"embeddable":true,"href":"https:\/\/www.toque-musicall.com\/index.php?rest_route=\/wp\/v2\/users\/1"}],"replies":[{"embeddable":true,"href":"https:\/\/www.toque-musicall.com\/index.php?rest_route=%2Fwp%2Fv2%2Fcomments&post=1765"}],"version-history":[{"count":0,"href":"https:\/\/www.toque-musicall.com\/index.php?rest_route=\/wp\/v2\/posts\/1765\/revisions"}],"wp:attachment":[{"href":"https:\/\/www.toque-musicall.com\/index.php?rest_route=%2Fwp%2Fv2%2Fmedia&parent=1765"}],"wp:term":[{"taxonomy":"category","embeddable":true,"href":"https:\/\/www.toque-musicall.com\/index.php?rest_route=%2Fwp%2Fv2%2Fcategories&post=1765"},{"taxonomy":"post_tag","embeddable":true,"href":"https:\/\/www.toque-musicall.com\/index.php?rest_route=%2Fwp%2Fv2%2Ftags&post=1765"}],"curies":[{"name":"wp","href":"https:\/\/api.w.org\/{rel}","templated":true}]}}