{"id":1768,"date":"2008-02-12T21:01:00","date_gmt":"2008-02-12T21:01:00","guid":{"rendered":"http:\/\/www.toque-musicall.com\/?p=1768"},"modified":"2008-02-12T21:01:00","modified_gmt":"2008-02-12T21:01:00","slug":"cyro-aguiar-homenagem-ao-musico-brasileiro-1979","status":"publish","type":"post","link":"https:\/\/www.toque-musicall.com\/?p=1768","title":{"rendered":"Cyro Aguiar &#8211; Homenagem Ao M\u00fasico Brasileiro (1979)"},"content":{"rendered":"<p><a href=\"http:\/\/1.bp.blogspot.com\/_DSKVEvHtskc\/R7IqD4ohgtI\/AAAAAAAABGA\/1vUw5xlH_MY\/s1600-h\/Cyro+Aguiar.JPG\"><img decoding=\"async\" id=\"BLOGGER_PHOTO_ID_5166237968777708242\" style=\"DISPLAY: block; MARGIN: 0px auto 10px; CURSOR: hand; TEXT-ALIGN: center\" alt=\"\" src=\"http:\/\/1.bp.blogspot.com\/_DSKVEvHtskc\/R7IqD4ohgtI\/AAAAAAAABGA\/1vUw5xlH_MY\/s400\/Cyro+Aguiar.JPG\" border=\"0\" \/><\/a>Enquanto esperamos por um novo link para o <a href=\"http:\/\/toque-musical.blogspot.com\/2007\/09\/cyro-aguiar-1975.html\">Cyro Aguiar de 1975<\/a>, postado aqui em setembro do ano passado, achei que seria compensador apresentar um outro disco do artista. \u201cAos m\u00fasicos brasileiros\u201d \u00e9 um dos seus melhores trabalhos, recomendado pelo Sergio Cabral. Conta com participa\u00e7\u00f5es inusitadas como o Mutante S\u00e9rgio Dias Baptista.<br \/>O Cyro Aguiar \u00e9 um caso curioso na m\u00fasica brasileira. Abandonado na Jovem Guarda e nos anos 60, ele chutou o balde do rock e adotou o samba como bandeira. S\u00e1bia decis\u00e3o para um artista que por pouco n\u00e3o ficou na casa da bregui\u00e7e p\u00f3s-jovem guarda.<\/p>\n<div><\/div>\n<div align=\"center\">classe m\u00e9dia, profiss\u00e3o sandu\u00edche<\/div>\n<div align=\"center\">este rock n\u00e3o \u00e9 pop, \u00e9 samba brasileiro<\/div>\n<div align=\"center\">choro lento<\/div>\n<div align=\"center\">cantado no servi\u00e7o<\/div>\n<div align=\"center\">chega de tristeza<\/div>\n<div align=\"center\">somar, diminuir, multiplicar<\/div>\n<div align=\"center\">\u00e9 dif\u00edcil ganhar<\/div>\n<div align=\"center\">a lavem do bonfim<\/div>\n<div align=\"center\">porque n\u00e3o te vejo<\/div>\n<div align=\"center\">pre\u00e7o de cada um<\/div>\n<div align=\"center\">mulher integral<\/div>\n<div align=\"center\">preconceitos<\/div>\n<div align=\"center\"><\/div>\n<div align=\"center\"><\/div>\n<div align=\"center\"><\/div>\n","protected":false},"excerpt":{"rendered":"<p>Enquanto esperamos por um novo link para o Cyro Aguiar de 1975, postado aqui em setembro do ano passado, achei que seria compensador apresentar um outro disco do artista. \u201cAos m\u00fasicos brasileiros\u201d \u00e9 um dos seus melhores trabalhos, recomendado pelo &hellip; <a href=\"https:\/\/www.toque-musicall.com\/?p=1768\">Continue lendo <span class=\"meta-nav\">&rarr;<\/span><\/a><\/p>\n","protected":false},"author":1,"featured_media":0,"comment_status":"open","ping_status":"closed","sticky":false,"template":"","format":"standard","meta":{"footnotes":""},"categories":[1753],"tags":[],"class_list":["post-1768","post","type-post","status-publish","format-standard","hentry","category-cyro-aguiar"],"_links":{"self":[{"href":"https:\/\/www.toque-musicall.com\/index.php?rest_route=\/wp\/v2\/posts\/1768","targetHints":{"allow":["GET"]}}],"collection":[{"href":"https:\/\/www.toque-musicall.com\/index.php?rest_route=\/wp\/v2\/posts"}],"about":[{"href":"https:\/\/www.toque-musicall.com\/index.php?rest_route=\/wp\/v2\/types\/post"}],"author":[{"embeddable":true,"href":"https:\/\/www.toque-musicall.com\/index.php?rest_route=\/wp\/v2\/users\/1"}],"replies":[{"embeddable":true,"href":"https:\/\/www.toque-musicall.com\/index.php?rest_route=%2Fwp%2Fv2%2Fcomments&post=1768"}],"version-history":[{"count":0,"href":"https:\/\/www.toque-musicall.com\/index.php?rest_route=\/wp\/v2\/posts\/1768\/revisions"}],"wp:attachment":[{"href":"https:\/\/www.toque-musicall.com\/index.php?rest_route=%2Fwp%2Fv2%2Fmedia&parent=1768"}],"wp:term":[{"taxonomy":"category","embeddable":true,"href":"https:\/\/www.toque-musicall.com\/index.php?rest_route=%2Fwp%2Fv2%2Fcategories&post=1768"},{"taxonomy":"post_tag","embeddable":true,"href":"https:\/\/www.toque-musicall.com\/index.php?rest_route=%2Fwp%2Fv2%2Ftags&post=1768"}],"curies":[{"name":"wp","href":"https:\/\/api.w.org\/{rel}","templated":true}]}}