{"id":177,"date":"2012-01-16T18:25:00","date_gmt":"2012-01-16T18:25:00","guid":{"rendered":"http:\/\/www.toque-musicall.com\/?p=177"},"modified":"2012-01-16T18:25:00","modified_gmt":"2012-01-16T18:25:00","slug":"trigemeos-vocalistas-vocalistas-modernos-ze-fidelis-ze-gonzaga-jorge-loredo-selecao-78-rpm-do-toque-musical-vol-08-2012","status":"publish","type":"post","link":"https:\/\/www.toque-musicall.com\/?p=177","title":{"rendered":"Trig\u00eameos Vocalistas, Vocalistas Modernos, Z\u00e9 Fidelis, Z\u00e9 Gonzaga, Jorge Loredo &#8211; Sele\u00e7\u00e3o 78 RPM Do Toque Musical Vol. 08 (2012)"},"content":{"rendered":"<p><a href=\"http:\/\/3.bp.blogspot.com\/-aaVtHlsSNUw\/TxRxxCc83mI\/AAAAAAAAA38\/i1ZRLZhqBR0\/s1600\/CAPA+p.JPG\"><img decoding=\"async\" style=\"display:block; margin:0px auto 10px; text-align:center;cursor:pointer; cursor:hand;width: 400px; height: 400px;\" src=\"http:\/\/3.bp.blogspot.com\/-aaVtHlsSNUw\/TxRxxCc83mI\/AAAAAAAAA38\/i1ZRLZhqBR0\/s400\/CAPA+p.JPG\" border=\"0\" alt=\"\" id=\"BLOGGER_PHOTO_ID_5698304515816349282\" \/><\/a><a href=\"http:\/\/4.bp.blogspot.com\/-ZfgNFFE5c-U\/TxRxrOAFAfI\/AAAAAAAAA3w\/9roANUYGnFU\/s1600\/CONTRACAPA+p.JPG\"><img decoding=\"async\" style=\"display:block; margin:0px auto 10px; text-align:center;cursor:pointer; cursor:hand;width: 400px; height: 400px;\" src=\"http:\/\/4.bp.blogspot.com\/-ZfgNFFE5c-U\/TxRxrOAFAfI\/AAAAAAAAA3w\/9roANUYGnFU\/s400\/CONTRACAPA+p.JPG\" border=\"0\" alt=\"\" id=\"BLOGGER_PHOTO_ID_5698304415837258226\" \/><\/a><span style=\" ;font-size:130%;\"><span  style=\"font-family:'Times New Roman';\">Rir \u00e9 o melhor rem\u00e9dio. E \u00e9 o bom humor que marca a sele\u00e7\u00e3o desta oitava edi\u00e7\u00e3o do Grand Record Brazil, apresentando dez fonogramas raros e, claro, bem alto astral.<\/span><br \/><\/span><\/p>\n<div><span   style=\" ;font-family:'Times New Roman';font-size:130%;\">Para come\u00e7ar, temos os Trig\u00eameos Vocalistas, um trio que era formado por tr\u00eas irm\u00e3os: Armando Carezzato, o mais velho, e os g\u00eameos Raul e Humberto, tr\u00eas anos mais novos (originalmente o nome do grupo era Trio Carezzato). Eles aqui comparecem com duas grava\u00e7\u00f5es Odeon: o corrido em estilo mexicano \u201cDon Pedrito\u201d, de Djalma Esteves (autor de rumbas como \u201cEscandalosa\u201d) e C\u00e9lio Monteiro, grava\u00e7\u00e3o de 12 de maio de 1949, matriz 8491,<span style=\"mso-spacerun: yes\">  <\/span>lan\u00e7ada s\u00f3 em novembro seguinte com o n\u00ba 12958-A, matriz 8491, e o fox \u201cEu vou sapatear\u201d, de Nicola Bruni, gravado em 29 de setembro de 1949 mas s\u00f3 lan\u00e7ado em maio de 1950 com o n\u00ba 12997-B, matriz 8558.<\/span><\/div>\n<div><span  style=\" ;font-family:'Times New Roman';\"><span style=\"font-family:\"Times New Roman\"; mso-fareast-font-family:\"Lucida Sans Unicode\";mso-bidi- mso-ansi-language:PT-BRfont-family:Tahoma;font-size:130%;\">Outro grupo vocal dessa mesma \u00e9poca aqui comparece: os Vocalistas Tropicais. Formado na capital cearense, Fortaleza, em 1941, teve diversos componentes e, em 1946, surgiu a forma\u00e7\u00e3o definitiva: Nilo Xavier da Motta (l\u00edder, violonista e arranjador), Raimundo Evandro Jata\u00ed de Souza (vocal, viola americana e arranjos), Artur Oliveira (percuss\u00e3o e vocal), Dan\u00fabio Barbosa Lima (percuss\u00e3o), estes quatro cearenses, e o pernambucano do Recife Arlindo Borges (viol\u00e3o e vocal solo). Eles aqui comparecem com dois grandes sucessos carnavalescos gravados na Odeon: as marchinhas \u201cJacarepagu\u00e1\u201d, que cita no estribilho a rumba \u201cEl cumbanchero\u201d, da folia de 1949, gravada em 21 de outubro de 48 e lan\u00e7ada um m\u00eas antes da folia em janeiro (12893-A, matriz 8427) e \u201cTomara que chova\u201d, cr\u00edtica \u00e0 cr\u00f4nica falta d&#8217;\u00e1gua que acontecia no Rio de Janeiro na \u00e9poca, para os festejos momescos de 1951. Este \u00e9 o registro original, datado de 6 de setembro de 1950 e lan\u00e7ado ainda em dezembro daquele ano com o n\u00ba 13066-A, matriz 8792. Pois, como se sabe, Emilinha Borba fez outra grava\u00e7\u00e3o, em outubro de 50, perla Continental, creio que a mais lembrada. Ambas as composi\u00e7\u00f5es s\u00e3o de Paquito e Romeu Gentil, com o refor\u00e7o de Marino Pinto em \u201cJacarepagu\u00e1\u201d.<\/span><\/span><\/div>\n<div><span   style=\" ;font-family:'Times New Roman';font-size:130%;\">O comediante carioca Jorge Loredo tamb\u00e9m aqui comparece com o disco Columbia 3129, lan\u00e7ado em agosto de 1960. No lado A, matriz CBO-2424, ele aparece na pele de seu mais famoso personagem, Z\u00e9 Bonitinho, \u201co perigote das mulheres\u201d, surgido naquele mesmo ano no programa \u201cNoites cariocas\u201d, da extinta TV Rio. \u00c9 uma composi\u00e7\u00e3o de Fernando C\u00e9sar (autor tamb\u00e9m de hits como \u201cD\u00f3-r\u00e9-mi\u201d e \u201cJoga a rede no mar\u201d) e do maestro e pianista ga\u00facho Jo\u00e3o Leal Brito, o Britinho, que tamb\u00e9m acompanha o comediante com sua orquestra neste disco, que se completa com \u201cNobre colega\u201d, de \u00c9dison Borges, matriz CBO-2425.<\/span><\/div>\n<div><span   style=\" ;font-family:'Times New Roman';font-size:130%;\">Outro comediante que marcou \u00e9poca bate ponto aqui no GRB 8: o \u201cinimigo n\u00famero um da tristeza\u201d, Z\u00e9 Fid\u00e9lis (S\u00e3o Paulo, 1910-idem, 1985), um dos pioneiros do humor no r\u00e1dio brasileiro e<span style=\"mso-spacerun: yes\">  <\/span>que, embora fizesse de papel de portugu\u00eas, era descendente de italianos (!), tanto que sue nome verdadeiro era Gino Cortopassi. Famoso por suas par\u00f3dias, ele aqui comparece com a da valsa \u201cAlza, Manolita\u201d, do provavelmente franc\u00eas L\u00e9o Daniderff, e ent\u00e3o sucesso na vers\u00e3o brasileira de Eduardo das Neves cantada por Osny Silva. Originalmente, \u201cManuelita\u201d saiu pela Columbia, em junho de 1943, com o n\u00ba 55438, matrizes 10146-A\/B, ocupando os dois lados do 78. Naquele ano, por\u00e9m, a Byington &#038; Cia. perdeu a representa\u00e7\u00e3o da Columbia americana para a Odeon, e, em seu lugar, surgiu a marca Continental. Para marcar o in\u00edcio das atividades da nova marca, foram relan\u00e7ados cem discos da antiga Columbia, entre eles \u201cManuelita\u201d, que voltou \u00e0s lojas com o n\u00ba 15046.<\/span><\/div>\n<div><span  style=\"font-size:130%;\"><span  style=\" ;font-family:'Times New Roman';\">Finalmente, temos Z\u00e9 Gonzaga <\/span><span  style=\" ;font-family:'Times New Roman';\">(Jos\u00e9 Janu\u00e1rio Gonzaga do Nascimento, Exu, PE, 1921-Rio de Janeiro, 2002), que, como voc\u00ea j\u00e1 percebeu, era irm\u00e3o de Luiz Gonzaga e tamb\u00e9m sanfoneiro. Ele inclusive se apresentou no exterior, substituindo o irm\u00e3o famoso em uma excurs\u00e3o pela Fran\u00e7a, promovida pelo empres\u00e1rio de comunica\u00e7\u00e3o Assis Chateaubriand, em 1952, atuando tamb\u00e9m no Uruguai e na Argentina<\/span><span  style=\" ;font-family:'Times New Roman';\">. Z\u00e9 aqui est\u00e1 com um disco Copacabana de 1956, de n\u00ba 5601, sem indica\u00e7\u00e3o exata de m\u00eas de lan\u00e7amento. No lado A, matriz M-1556, uma composi\u00e7\u00e3o dele pr\u00f3prio com Amorim Roxo, o xote \u201cO cheiro da Carolina\u201d, uma coqueluche na \u00e9poca, tamb\u00e9m gravado por Carlos Antunes e pelo pr\u00f3prio irm\u00e3o famoso, o Gonzag\u00e3o (talvez o registro de maior sucesso entre os tr\u00eas). <\/span><span  style=\" ;font-family:'Times New Roman';\">No verso, matriz M-1557, vem o \u201cXote da vov\u00f3\u201d, tamb\u00e9m do pr\u00f3prio Z\u00e9 Gonzaga com Nelinho, um solo de sanfona \u201cb\u00e3o da mul\u00e9sta\u201d, s\u00f4! E que encerra esta bem humorada sele\u00e7\u00e3o do GRB 8, com a qual voc\u00ea poder\u00e1 desfrutar de agrad\u00e1veis momentos de descontra\u00e7\u00e3o e alegria. Bom divertimento! <\/span><\/span><\/div>\n<div><span  style=\"font-size: large; font-family:'Times New Roman';\">*<\/span><span  style=\"font-family:'Times New Roman';\"> <span  style=\"font-size:78%;\">TEXTO DE SAMUEL MACHADO FILHO<\/span><\/span><\/div>\n<div><span   style=\" ;font-family:'Times New Roman';font-size:130%;\"><br \/><\/span><\/div>\n<div style=\"text-align: center;\"><span   style=\" ;font-family:'Times New Roman';font-size:130%;\">manuelita (parte 1) &#8211; z\u00e9 fidelis<\/span><\/div>\n<div style=\"text-align: center;\"><span   style=\" ;font-family:'Times New Roman';font-size:130%;\">manuelita (parte 2) &#8211; z\u00e9 fidelis<\/span><\/div>\n<div style=\"text-align: center;\"><span   style=\" ;font-family:'Times New Roman';font-size:130%;\">o cheiro da carolina &#8211; z\u00e9 gonzaga<\/span><\/div>\n<div style=\"text-align: center;\"><span   style=\"font-family:'Times New Roman';font-size:130%;\">xote da vov\u00f3 &#8211; z\u00e9 gonzaga<\/span><\/div>\n<div style=\"text-align: center;\"><span   style=\"font-family:'Times New Roman';font-size:130%;\">nober colega &#8211; jorge loredo<\/span><\/div>\n<div style=\"text-align: center;\"><span   style=\"font-family:'Times New Roman';font-size:130%;\">z\u00e9 bonitinho &#8211; jorge loredo<\/span><\/div>\n<div style=\"text-align: center;\"><span   style=\"font-family:'Times New Roman';font-size:130%;\">dom pedrito &#8211; trigemeos vocalistas<\/span><\/div>\n<div style=\"text-align: center;\"><span   style=\"font-family:'Times New Roman';font-size:130%;\">eu vou sapatear &#8211; trigemeos vocalistas<\/span><\/div>\n<div style=\"text-align: center;\"><span   style=\"font-family:'Times New Roman';font-size:130%;\">tomara que chova &#8211; vocalistas tropicais<\/span><\/div>\n<div style=\"text-align: center;\"><span   style=\"font-family:'Times New Roman';font-size:130%;\">jacarepagu\u00e1 &#8211; vocalistas tropicais<\/span><\/div>\n<div style=\"text-align: center;\"><span  style=\"font-family:'Times New Roman';\"><br \/><\/span><\/div>\n<div><\/div>\n","protected":false},"excerpt":{"rendered":"<p>Rir \u00e9 o melhor rem\u00e9dio. E \u00e9 o bom humor que marca a sele\u00e7\u00e3o desta oitava edi\u00e7\u00e3o do Grand Record Brazil, apresentando dez fonogramas raros e, claro, bem alto astral. Para come\u00e7ar, temos os Trig\u00eameos Vocalistas, um trio que era &hellip; <a href=\"https:\/\/www.toque-musicall.com\/?p=177\">Continue lendo <span class=\"meta-nav\">&rarr;<\/span><\/a><\/p>\n","protected":false},"author":1,"featured_media":0,"comment_status":"open","ping_status":"closed","sticky":false,"template":"","format":"standard","meta":{"footnotes":""},"categories":[11,329,328,13,29,327,326],"tags":[],"class_list":["post-177","post","type-post","status-publish","format-standard","hentry","category-exclusivos-do-toque-musical","category-jorge-loredo","category-os-trigemeos-vocalistas","category-selo-grand-record-brazil","category-vocalistas-tropicais","category-ze-fidelis","category-ze-gonzaga"],"_links":{"self":[{"href":"https:\/\/www.toque-musicall.com\/index.php?rest_route=\/wp\/v2\/posts\/177","targetHints":{"allow":["GET"]}}],"collection":[{"href":"https:\/\/www.toque-musicall.com\/index.php?rest_route=\/wp\/v2\/posts"}],"about":[{"href":"https:\/\/www.toque-musicall.com\/index.php?rest_route=\/wp\/v2\/types\/post"}],"author":[{"embeddable":true,"href":"https:\/\/www.toque-musicall.com\/index.php?rest_route=\/wp\/v2\/users\/1"}],"replies":[{"embeddable":true,"href":"https:\/\/www.toque-musicall.com\/index.php?rest_route=%2Fwp%2Fv2%2Fcomments&post=177"}],"version-history":[{"count":0,"href":"https:\/\/www.toque-musicall.com\/index.php?rest_route=\/wp\/v2\/posts\/177\/revisions"}],"wp:attachment":[{"href":"https:\/\/www.toque-musicall.com\/index.php?rest_route=%2Fwp%2Fv2%2Fmedia&parent=177"}],"wp:term":[{"taxonomy":"category","embeddable":true,"href":"https:\/\/www.toque-musicall.com\/index.php?rest_route=%2Fwp%2Fv2%2Fcategories&post=177"},{"taxonomy":"post_tag","embeddable":true,"href":"https:\/\/www.toque-musicall.com\/index.php?rest_route=%2Fwp%2Fv2%2Ftags&post=177"}],"curies":[{"name":"wp","href":"https:\/\/api.w.org\/{rel}","templated":true}]}}