{"id":1771,"date":"2008-02-11T21:09:00","date_gmt":"2008-02-11T21:09:00","guid":{"rendered":"http:\/\/www.toque-musicall.com\/?p=1771"},"modified":"2008-02-11T21:09:00","modified_gmt":"2008-02-11T21:09:00","slug":"capinan-o-viramundo-21-anos-de-tropicalismo-1988","status":"publish","type":"post","link":"https:\/\/www.toque-musicall.com\/?p=1771","title":{"rendered":"Capinan &#8211; O Viramundo &#8211; 21 Anos De Tropicalismo (1988)"},"content":{"rendered":"<p><a href=\"http:\/\/3.bp.blogspot.com\/_DSKVEvHtskc\/R7C6S4ohgqI\/AAAAAAAABFo\/haAO86Ef4yg\/s1600-h\/capinan+p.JPG\"><img decoding=\"async\" id=\"BLOGGER_PHOTO_ID_5165833606196724386\" style=\"DISPLAY: block; MARGIN: 0px auto 10px; CURSOR: hand; TEXT-ALIGN: center\" alt=\"\" src=\"http:\/\/3.bp.blogspot.com\/_DSKVEvHtskc\/R7C6S4ohgqI\/AAAAAAAABFo\/haAO86Ef4yg\/s400\/capinan+p.JPG\" border=\"0\" \/><\/a>Como sempre, pra variar, estou chegando atrasado&#8230; Voltei de f\u00e9rias, mas ainda n\u00e3o ajeitei a casa. Tentarei mesmo assim manter as duas habituais postagens di\u00e1rias. S\u00f3 n\u00e3o tem hora certa para entrar, mas pode conferir todos os dias que sempre haver\u00e1 novidades (ou raridades?).<br \/>Para esta \u2018segundona\u2019 reservei dois discos de colet\u00e2nea. Come\u00e7o com este letrista, poeta, escritor, publicit\u00e1rio, jornalista, m\u00e9dico e mais uma penca de coisas&#8230; O genial baiano Capinan.<br \/>Comemorado os 21 anos de maturidade do movimento tropicalista e tamb\u00e9m em sua homenagem, foi lan\u00e7ado o LP &#8220;O viramundo &#8211; 21 anos de Tropicalismo&#8221;. No disco temos algumas de suas composi\u00e7\u00f5es mais conhecidas: &#8220;Soy loco por ti America &#8221; (c\/ Gilberto Gil), &#8220;Papel mach\u00ea&#8221; (c\/ Jo\u00e3o Bosco), &#8220;Te esperei&#8221; (c\/ Gereba), &#8220;Gemedeira&#8221; (c\/ Robertinho de Recife), &#8220;Gotham City&#8221; (c\/ Jards Macal\u00e9), &#8220;Ponteio&#8221; (c\/ Edu Lobo), &#8220;Um dueto&#8221; (c\/ Francis Hime), &#8220;Cora\u00e7\u00e3o imprudente&#8221; (c\/ Paulinho da Viola), &#8220;Xote dos poetas&#8221; (c\/ Z\u00e9 Ramalho) e ainda &#8220;Te esperei&#8221;, poema que havia gravado em disco anterior do parceiro Gereba. Embora em sua maioria, sejam essas faixas bem comuns em outros discos, este \u00e9 um \u00e1lbum que vale a pena ouvir, saber que Capinan sempre esteve entre n\u00f3s.<\/p>\n<div align=\"center\">1- soy loco por ti america &#8211; gilberto gil<\/div>\n<div align=\"center\">2- papel mach\u00ea &#8211; jo\u00e3o bosco<\/div>\n<div align=\"center\">3- te esperei &#8211; beth carvalho e fagner<\/div>\n<div align=\"center\">4- gemedeira &#8211; amelinha<\/div>\n<div align=\"center\">5- gothan city &#8211; camisa de v\u00eanus<\/div>\n<div align=\"center\">6- ponteio &#8211; edu lobo e marilia medalha<\/div>\n<div align=\"center\">7- um dueto &#8211; francis hime e gal costa<\/div>\n<div align=\"center\">8- cora\u00e7\u00e3o imprudente &#8211; paulinho da viola<\/div>\n<div align=\"center\">9- xote dos poetas &#8211; z\u00e9 ramalho<\/div>\n<div align=\"center\">10- te esperei &#8211; capinan<\/div>\n<div align=\"center\"><\/div>\n<div align=\"center\"><\/div>\n<div align=\"center\"> <\/div>\n<div align=\"center\"> <\/div>\n","protected":false},"excerpt":{"rendered":"<p>Como sempre, pra variar, estou chegando atrasado&#8230; Voltei de f\u00e9rias, mas ainda n\u00e3o ajeitei a casa. Tentarei mesmo assim manter as duas habituais postagens di\u00e1rias. S\u00f3 n\u00e3o tem hora certa para entrar, mas pode conferir todos os dias que sempre &hellip; <a href=\"https:\/\/www.toque-musicall.com\/?p=1771\">Continue lendo <span class=\"meta-nav\">&rarr;<\/span><\/a><\/p>\n","protected":false},"author":1,"featured_media":0,"comment_status":"open","ping_status":"closed","sticky":false,"template":"","format":"standard","meta":{"footnotes":""},"categories":[1782],"tags":[],"class_list":["post-1771","post","type-post","status-publish","format-standard","hentry","category-capinan"],"_links":{"self":[{"href":"https:\/\/www.toque-musicall.com\/index.php?rest_route=\/wp\/v2\/posts\/1771","targetHints":{"allow":["GET"]}}],"collection":[{"href":"https:\/\/www.toque-musicall.com\/index.php?rest_route=\/wp\/v2\/posts"}],"about":[{"href":"https:\/\/www.toque-musicall.com\/index.php?rest_route=\/wp\/v2\/types\/post"}],"author":[{"embeddable":true,"href":"https:\/\/www.toque-musicall.com\/index.php?rest_route=\/wp\/v2\/users\/1"}],"replies":[{"embeddable":true,"href":"https:\/\/www.toque-musicall.com\/index.php?rest_route=%2Fwp%2Fv2%2Fcomments&post=1771"}],"version-history":[{"count":0,"href":"https:\/\/www.toque-musicall.com\/index.php?rest_route=\/wp\/v2\/posts\/1771\/revisions"}],"wp:attachment":[{"href":"https:\/\/www.toque-musicall.com\/index.php?rest_route=%2Fwp%2Fv2%2Fmedia&parent=1771"}],"wp:term":[{"taxonomy":"category","embeddable":true,"href":"https:\/\/www.toque-musicall.com\/index.php?rest_route=%2Fwp%2Fv2%2Fcategories&post=1771"},{"taxonomy":"post_tag","embeddable":true,"href":"https:\/\/www.toque-musicall.com\/index.php?rest_route=%2Fwp%2Fv2%2Ftags&post=1771"}],"curies":[{"name":"wp","href":"https:\/\/api.w.org\/{rel}","templated":true}]}}