{"id":178,"date":"2012-01-15T21:34:00","date_gmt":"2012-01-15T21:34:00","guid":{"rendered":"http:\/\/www.toque-musicall.com\/?p=178"},"modified":"2012-01-15T21:34:00","modified_gmt":"2012-01-15T21:34:00","slug":"renato-e-seus-blue-caps-1963","status":"publish","type":"post","link":"https:\/\/www.toque-musicall.com\/?p=178","title":{"rendered":"Renato E Seus Blue Caps (1963)"},"content":{"rendered":"<p><a href=\"http:\/\/4.bp.blogspot.com\/-Q0GMb5XZeCw\/TxNHBu0onYI\/AAAAAAAAA3M\/B9DFv-eomXA\/s1600\/renato+F.JPG\"><img decoding=\"async\" style=\"display:block; margin:0px auto 10px; text-align:center;cursor:pointer; cursor:hand;width: 400px; height: 398px;\" src=\"http:\/\/4.bp.blogspot.com\/-Q0GMb5XZeCw\/TxNHBu0onYI\/AAAAAAAAA3M\/B9DFv-eomXA\/s400\/renato+F.JPG\" border=\"0\" alt=\"\" id=\"BLOGGER_PHOTO_ID_5697976048628047234\" \/><\/a><a href=\"http:\/\/4.bp.blogspot.com\/-yukNmSRIdOg\/TxNG9AMa6JI\/AAAAAAAAA3A\/h_aeIPgGyHg\/s1600\/renato+Bp.JPG\"><img decoding=\"async\" style=\"display:block; margin:0px auto 10px; text-align:center;cursor:pointer; cursor:hand;width: 400px; height: 399px;\" src=\"http:\/\/4.bp.blogspot.com\/-yukNmSRIdOg\/TxNG9AMa6JI\/AAAAAAAAA3A\/h_aeIPgGyHg\/s400\/renato+Bp.JPG\" border=\"0\" alt=\"\" id=\"BLOGGER_PHOTO_ID_5697975967391869074\" \/><\/a>Boa noite a todos! Estive ouvido hoje alguns discos da Jovem Guarda e entre eles este \u00e1lbum do Renato e Seus Bule Caps. Ta\u00ed um disco que eu nunca cheguei a ouvir todo, hoje foi a primeira vez. Me chamou a aten\u00e7\u00e3o porque nele aparece o Erasmo Carlos, tinha que ouvir. <\/p>\n<div>O conjunto Renato e Seus Blue Caps surgiu no in\u00edcio dos anos 60, criado pelos irm\u00e3o Renato, Paulo Cezar e Edson, que logo partiria para carreira solo, se transformando em &#8220;Ed Wilson&#8221;. Gravaram alguns 78 rpm, ainda naquela de &#8216;a la Gene Vincent&#8217;, fazendo um aut\u00eantico rock&#8217;n&#8217;roll, ou &#8216;twist&#8217; , como se dizia na \u00e9poca. Se n\u00e3o me engano, acho que foi o Carlos Imperial quem &#8216;apadrinhou&#8217; o conjunto. Neste lp de 1963 os &#8220;Blue Caps&#8221; aparecem com uma nova forma\u00e7\u00e3o, entram Eramo Carlos como guitarista e cantor e tamb\u00e9m o saxofonista Roberto Simonal, irm\u00e3o do Wilson Simonal. A capa \u00e9 horrorosa, mas o disco \u00e9 muito bom, estou gostando \ud83d\ude42<\/div>\n<div>Estou vendo aqui que este \u00e1lbum foi relan\u00e7ado nos anos 80 e depois novamente, ganhando a sua vers\u00e3o cd nos anos 2000. Saiu numa s\u00e9rie 2 em 1 com outra raridade, o primeiro \u00e1lbum, &#8220;Twist&#8221;.<\/div>\n<div>Estou vendo tamb\u00e9m que eu tenho este cd. Olha s\u00f3&#8230; e nunca ouvi, nem lembrava que tinha.<\/div>\n<div>S\u00f3 eu mesmo, hehehe&#8230;<\/div>\n<div><\/div>\n<div style=\"text-align: center;\">limbo rock<\/div>\n<div style=\"text-align: center;\">walking my baby back home<\/div>\n<div style=\"text-align: center;\">estrelinha<\/div>\n<div style=\"text-align: center;\">o lobo mau<\/div>\n<div style=\"text-align: center;\">comanche<\/div>\n<div style=\"text-align: center;\">boogie do beb\u00ea<\/div>\n<div style=\"text-align: center;\">ford de bigode<\/div>\n<div style=\"text-align: center;\">what&#8217;d i say<\/div>\n<div style=\"text-align: center;\">relax<\/div>\n<div style=\"text-align: center;\">stand up<\/div>\n<div><\/div>\n","protected":false},"excerpt":{"rendered":"<p>Boa noite a todos! Estive ouvido hoje alguns discos da Jovem Guarda e entre eles este \u00e1lbum do Renato e Seus Bule Caps. Ta\u00ed um disco que eu nunca cheguei a ouvir todo, hoje foi a primeira vez. Me chamou &hellip; <a href=\"https:\/\/www.toque-musicall.com\/?p=178\">Continue lendo <span class=\"meta-nav\">&rarr;<\/span><\/a><\/p>\n","protected":false},"author":1,"featured_media":0,"comment_status":"open","ping_status":"closed","sticky":false,"template":"","format":"standard","meta":{"footnotes":""},"categories":[330,55,152],"tags":[],"class_list":["post-178","post","type-post","status-publish","format-standard","hentry","category-renato-e-seus-blue-caps","category-selo-beverly","category-selo-copacabana"],"_links":{"self":[{"href":"https:\/\/www.toque-musicall.com\/index.php?rest_route=\/wp\/v2\/posts\/178","targetHints":{"allow":["GET"]}}],"collection":[{"href":"https:\/\/www.toque-musicall.com\/index.php?rest_route=\/wp\/v2\/posts"}],"about":[{"href":"https:\/\/www.toque-musicall.com\/index.php?rest_route=\/wp\/v2\/types\/post"}],"author":[{"embeddable":true,"href":"https:\/\/www.toque-musicall.com\/index.php?rest_route=\/wp\/v2\/users\/1"}],"replies":[{"embeddable":true,"href":"https:\/\/www.toque-musicall.com\/index.php?rest_route=%2Fwp%2Fv2%2Fcomments&post=178"}],"version-history":[{"count":0,"href":"https:\/\/www.toque-musicall.com\/index.php?rest_route=\/wp\/v2\/posts\/178\/revisions"}],"wp:attachment":[{"href":"https:\/\/www.toque-musicall.com\/index.php?rest_route=%2Fwp%2Fv2%2Fmedia&parent=178"}],"wp:term":[{"taxonomy":"category","embeddable":true,"href":"https:\/\/www.toque-musicall.com\/index.php?rest_route=%2Fwp%2Fv2%2Fcategories&post=178"},{"taxonomy":"post_tag","embeddable":true,"href":"https:\/\/www.toque-musicall.com\/index.php?rest_route=%2Fwp%2Fv2%2Ftags&post=178"}],"curies":[{"name":"wp","href":"https:\/\/api.w.org\/{rel}","templated":true}]}}