{"id":179,"date":"2012-01-14T22:33:00","date_gmt":"2012-01-14T22:33:00","guid":{"rendered":"http:\/\/www.toque-musicall.com\/?p=179"},"modified":"2012-01-14T22:33:00","modified_gmt":"2012-01-14T22:33:00","slug":"top-19-da-musica-mineira-em-2011-2012","status":"publish","type":"post","link":"https:\/\/www.toque-musicall.com\/?p=179","title":{"rendered":"Top 19 Da M\u00fasica Mineira Em 2011 (2012)"},"content":{"rendered":"<p><a href=\"http:\/\/3.bp.blogspot.com\/-836X-wWtU00\/TxIGHar5dAI\/AAAAAAAAA2w\/ykXrRPPmfsk\/s1600\/CAPA+1p.JPG\"><img decoding=\"async\" style=\"display:block; margin:0px auto 10px; text-align:center;cursor:pointer; cursor:hand;width: 400px; height: 400px;\" src=\"http:\/\/3.bp.blogspot.com\/-836X-wWtU00\/TxIGHar5dAI\/AAAAAAAAA2w\/ykXrRPPmfsk\/s400\/CAPA+1p.JPG\" border=\"0\" alt=\"\" id=\"BLOGGER_PHOTO_ID_5697623203069391874\" \/><\/a><a href=\"http:\/\/4.bp.blogspot.com\/-6ecbQh_VX3A\/TxIGCn5xFBI\/AAAAAAAAA2k\/2M4fkCNLAa8\/s1600\/CONTRACAPA+1p.JPG\"><img decoding=\"async\" style=\"display:block; margin:0px auto 10px; text-align:center;cursor:pointer; cursor:hand;width: 400px; height: 400px;\" src=\"http:\/\/4.bp.blogspot.com\/-6ecbQh_VX3A\/TxIGCn5xFBI\/AAAAAAAAA2k\/2M4fkCNLAa8\/s400\/CONTRACAPA+1p.JPG\" border=\"0\" alt=\"\" id=\"BLOGGER_PHOTO_ID_5697623120717878290\" \/><\/a>Boa noite, amigos cultos e ocultos! Chegamos ao nosso s\u00e1bado de colet\u00e2neas. Hoje temos uma sele\u00e7\u00e3o de um convidado, o promotor cultural Edu Pampani, da Discoteca P\u00fablica. Edu \u00e9 um dos mais importantes colecionadores de vinil do Brasil e tamb\u00e9m um incans\u00e1vel divulgador de cds e artistas independentes. Ele criou uma sele\u00e7\u00e3o com 19 m\u00fasicas (n\u00e3o me pergunte o porqu\u00ea), extra\u00eddas de diversos cds lan\u00e7ados no ano passado, os quais ele divulga e ajuda a vender. Segundo ele, a colet\u00e2nea contempla os artistas &#8216;mais chegados&#8217;, amigos com quem ele sempre troca figurinhas e aquilo que ele considera ter sido o mais expressivo da cena &#8216;pop-uai&#8217; (o pop-uai \u00e9 por minha conta). Em seu site, a <a href=\"http:\/\/www.lojamusicaquevemdeminas.blogspot.com\/\">Loja da M\u00fasica Que Vem De Minas<\/a>, voc\u00eas poder\u00e3o encontrar os cds desses artistas e outros mais, para a venda, claro! Mas vale a pena. Tem muita coisa boa e interessante que a gente n\u00e3o v\u00ea por a\u00ed.<\/p>\n<div>Como voc\u00eas, eu tamb\u00e9m estou conhecendo agora muita coisa do que rola aqui. Assim sendo, vamos ouvir, depois a gente comenta, ok?<\/div>\n<div><\/div>\n<div style=\"text-align: center;\">emo\u00e7\u00f5es contempor\u00e2neas &#8211; andr\u00e9 lim\u00e3o queiroz<\/div>\n<div style=\"text-align: center;\">sambar pra que &#8211; black sonora<\/div>\n<div style=\"text-align: center;\">santos e luz &#8211; capim seco<\/div>\n<div style=\"text-align: center;\">obikawa &#8211; d\u00e9a trancoso<\/div>\n<div style=\"text-align: center;\">menino &#8211; diapas\u00e3o<\/div>\n<div style=\"text-align: center;\">samba da mam\u00e3e &#8211; esdra(nenem) ferreira<\/div>\n<div style=\"text-align: center;\">o lobo do jo\u00e3o &#8211; ezequiel lima<\/div>\n<div style=\"text-align: center;\">sai fora &#8211; flavio renegado<\/div>\n<div style=\"text-align: center;\">babilonia 336 &#8211; garbo<\/div>\n<div style=\"text-align: center;\">lindo toque &#8211; graveola e o lixo polif\u00f4nico<\/div>\n<div style=\"text-align: center;\">o poder da palavra &#8211; julgamento<\/div>\n<div style=\"text-align: center;\">fio desencapado &#8211; juliana perdig\u00e3o<\/div>\n<div style=\"text-align: center;\">esperando a chuva &#8211; marcos frederico<\/div>\n<div style=\"text-align: center;\">perereca de pijama &#8211; m\u00fasicas do espinha\u00e7o<\/div>\n<div style=\"text-align: center;\">desejo de flor &#8211; patricia ahmaral<\/div>\n<div style=\"text-align: center;\">artimanhas &#8211; patricia lobato<\/div>\n<div style=\"text-align: center;\">qualquer palavra &#8211; rodrigo borges<\/div>\n<div style=\"text-align: center;\">ibiza &#8211; the hell&#8217;s kitchen project<\/div>\n<div style=\"text-align: center;\">vazio &#8211; transmissor<\/div>\n<div style=\"text-align: center;\"><\/div>\n<div style=\"text-align: center;\"><\/div>\n","protected":false},"excerpt":{"rendered":"<p>Boa noite, amigos cultos e ocultos! Chegamos ao nosso s\u00e1bado de colet\u00e2neas. Hoje temos uma sele\u00e7\u00e3o de um convidado, o promotor cultural Edu Pampani, da Discoteca P\u00fablica. Edu \u00e9 um dos mais importantes colecionadores de vinil do Brasil e tamb\u00e9m &hellip; <a href=\"https:\/\/www.toque-musicall.com\/?p=179\">Continue lendo <span class=\"meta-nav\">&rarr;<\/span><\/a><\/p>\n","protected":false},"author":1,"featured_media":0,"comment_status":"open","ping_status":"closed","sticky":false,"template":"","format":"standard","meta":{"footnotes":""},"categories":[64,331],"tags":[],"class_list":["post-179","post","type-post","status-publish","format-standard","hentry","category-coletanea","category-top-19-da-musica-mineira-em-2011"],"_links":{"self":[{"href":"https:\/\/www.toque-musicall.com\/index.php?rest_route=\/wp\/v2\/posts\/179","targetHints":{"allow":["GET"]}}],"collection":[{"href":"https:\/\/www.toque-musicall.com\/index.php?rest_route=\/wp\/v2\/posts"}],"about":[{"href":"https:\/\/www.toque-musicall.com\/index.php?rest_route=\/wp\/v2\/types\/post"}],"author":[{"embeddable":true,"href":"https:\/\/www.toque-musicall.com\/index.php?rest_route=\/wp\/v2\/users\/1"}],"replies":[{"embeddable":true,"href":"https:\/\/www.toque-musicall.com\/index.php?rest_route=%2Fwp%2Fv2%2Fcomments&post=179"}],"version-history":[{"count":0,"href":"https:\/\/www.toque-musicall.com\/index.php?rest_route=\/wp\/v2\/posts\/179\/revisions"}],"wp:attachment":[{"href":"https:\/\/www.toque-musicall.com\/index.php?rest_route=%2Fwp%2Fv2%2Fmedia&parent=179"}],"wp:term":[{"taxonomy":"category","embeddable":true,"href":"https:\/\/www.toque-musicall.com\/index.php?rest_route=%2Fwp%2Fv2%2Fcategories&post=179"},{"taxonomy":"post_tag","embeddable":true,"href":"https:\/\/www.toque-musicall.com\/index.php?rest_route=%2Fwp%2Fv2%2Ftags&post=179"}],"curies":[{"name":"wp","href":"https:\/\/api.w.org\/{rel}","templated":true}]}}