{"id":180,"date":"2012-01-14T00:42:00","date_gmt":"2012-01-14T00:42:00","guid":{"rendered":"http:\/\/www.toque-musicall.com\/?p=180"},"modified":"2012-01-14T00:42:00","modified_gmt":"2012-01-14T00:42:00","slug":"carlos-lucena-raizes-do-franco-1982","status":"publish","type":"post","link":"https:\/\/www.toque-musicall.com\/?p=180","title":{"rendered":"Carlos Lucena &#8211; Ra\u00edzes Do Franco (1982)"},"content":{"rendered":"<p><a href=\"http:\/\/1.bp.blogspot.com\/-SFBhBGlVuiA\/TxDRT1NbU_I\/AAAAAAAAA2Y\/ye7_zjmCeto\/s1600\/capa+P.JPG\"><img decoding=\"async\" style=\"display:block; margin:0px auto 10px; text-align:center;cursor:pointer; cursor:hand;width: 399px; height: 400px;\" src=\"http:\/\/1.bp.blogspot.com\/-SFBhBGlVuiA\/TxDRT1NbU_I\/AAAAAAAAA2Y\/ye7_zjmCeto\/s400\/capa+P.JPG\" border=\"0\" alt=\"\" id=\"BLOGGER_PHOTO_ID_5697283667254793202\" \/><\/a><a href=\"http:\/\/3.bp.blogspot.com\/-QNATs50_acg\/TxDRNvROBuI\/AAAAAAAAA2M\/4QByU-4UuqM\/s1600\/contracapa+p.JPG\"><img decoding=\"async\" style=\"display:block; margin:0px auto 10px; text-align:center;cursor:pointer; cursor:hand;width: 384px; height: 400px;\" src=\"http:\/\/3.bp.blogspot.com\/-QNATs50_acg\/TxDRNvROBuI\/AAAAAAAAA2M\/4QByU-4UuqM\/s400\/contracapa+p.JPG\" border=\"0\" alt=\"\" id=\"BLOGGER_PHOTO_ID_5697283562580870882\" \/><\/a>Boa noite amigos cultos e ocultos! Mais uma vez, eu cheguei j\u00e1 no final da festa. Mesmo assim ainda h\u00e1 tempo de deixar aqui o meu toque musical do dia. E quem vai nos salvar \u00e9 o m\u00fasico mineiro, <a href=\"http:\/\/www.carloslucena.com.br\/apresentacao\/index.htm\">Carlos Lucena<\/a>. Eu j\u00e1 havia postado dele um outro disco, na verdade <a href=\"http:\/\/toque-musical.blogspot.com\/2010\/01\/carlos-lucena-danca-das-flores-1985.html\">seu segundo \u00e1lbum<\/a>, tamb\u00e9m independente. Agora eu volto com ele em seu primeiro disco, gravado em 1982, em S\u00e3o Paulo. Nesta \u00e9poca, Cac\u00e1 morava em Sampa, tocando na noite. Um artista ent\u00e3o com seus 18 anos, tentando mostrar o seu trabalho. Gravou este \u00e1lbum, sendo todas as m\u00fasicas autorais. Seu canto e a sua m\u00fasica trazem muito as caracter\u00edsticas da m\u00fasica mineira. Logo nos primeiros acordes a gente sente isso.<\/p>\n<div>Vou deixar voc\u00eas conferindo a\u00ed.. Vou tomar um banho e cair na cama. Amanh\u00e3 o dia promete&#8230;<\/div>\n<div><\/div>\n<div style=\"text-align: center;\">meu cantar<\/div>\n<div style=\"text-align: center;\">oscila\u00e7\u00f5es da vida<\/div>\n<div style=\"text-align: center;\">doce liberdade<\/div>\n<div style=\"text-align: center;\">vida par que te quero<\/div>\n<div style=\"text-align: center;\">raizes do franco<\/div>\n<div style=\"text-align: center;\">viventes<\/div>\n<div style=\"text-align: center;\">brisa aos homens<\/div>\n<div style=\"text-align: center;\">nosso ch\u00e3o<\/div>\n<div style=\"text-align: center;\">compromisso com o sol<\/div>\n<div><\/div>\n<div><\/div>\n","protected":false},"excerpt":{"rendered":"<p>Boa noite amigos cultos e ocultos! Mais uma vez, eu cheguei j\u00e1 no final da festa. Mesmo assim ainda h\u00e1 tempo de deixar aqui o meu toque musical do dia. E quem vai nos salvar \u00e9 o m\u00fasico mineiro, Carlos &hellip; <a href=\"https:\/\/www.toque-musicall.com\/?p=180\">Continue lendo <span class=\"meta-nav\">&rarr;<\/span><\/a><\/p>\n","protected":false},"author":1,"featured_media":0,"comment_status":"open","ping_status":"closed","sticky":false,"template":"","format":"standard","meta":{"footnotes":""},"categories":[332,25],"tags":[],"class_list":["post-180","post","type-post","status-publish","format-standard","hentry","category-carlos-lucena","category-selo-independente"],"_links":{"self":[{"href":"https:\/\/www.toque-musicall.com\/index.php?rest_route=\/wp\/v2\/posts\/180","targetHints":{"allow":["GET"]}}],"collection":[{"href":"https:\/\/www.toque-musicall.com\/index.php?rest_route=\/wp\/v2\/posts"}],"about":[{"href":"https:\/\/www.toque-musicall.com\/index.php?rest_route=\/wp\/v2\/types\/post"}],"author":[{"embeddable":true,"href":"https:\/\/www.toque-musicall.com\/index.php?rest_route=\/wp\/v2\/users\/1"}],"replies":[{"embeddable":true,"href":"https:\/\/www.toque-musicall.com\/index.php?rest_route=%2Fwp%2Fv2%2Fcomments&post=180"}],"version-history":[{"count":0,"href":"https:\/\/www.toque-musicall.com\/index.php?rest_route=\/wp\/v2\/posts\/180\/revisions"}],"wp:attachment":[{"href":"https:\/\/www.toque-musicall.com\/index.php?rest_route=%2Fwp%2Fv2%2Fmedia&parent=180"}],"wp:term":[{"taxonomy":"category","embeddable":true,"href":"https:\/\/www.toque-musicall.com\/index.php?rest_route=%2Fwp%2Fv2%2Fcategories&post=180"},{"taxonomy":"post_tag","embeddable":true,"href":"https:\/\/www.toque-musicall.com\/index.php?rest_route=%2Fwp%2Fv2%2Ftags&post=180"}],"curies":[{"name":"wp","href":"https:\/\/api.w.org\/{rel}","templated":true}]}}