{"id":1805,"date":"2008-01-01T15:21:00","date_gmt":"2008-01-01T15:21:00","guid":{"rendered":"http:\/\/www.toque-musicall.com\/?p=1805"},"modified":"2008-01-01T15:21:00","modified_gmt":"2008-01-01T15:21:00","slug":"iii-festival-internacional-da-cancao-popular-rio-vol-1-1968","status":"publish","type":"post","link":"https:\/\/www.toque-musicall.com\/?p=1805","title":{"rendered":"III Festival Internacional Da Can\u00e7\u00e3o Popular Rio &#8211; Vol. 1 (1968)"},"content":{"rendered":"<div align=\"center\"><a href=\"http:\/\/1.bp.blogspot.com\/_DSKVEvHtskc\/R3pazI-YprI\/AAAAAAAABA0\/np6wufql1Cc\/s1600-h\/III+festival.JPG\"><img decoding=\"async\" id=\"BLOGGER_PHOTO_ID_5150528958480557746\" style=\"DISPLAY: block; MARGIN: 0px auto 10px; CURSOR: hand; TEXT-ALIGN: center\" alt=\"\" src=\"http:\/\/1.bp.blogspot.com\/_DSKVEvHtskc\/R3pazI-YprI\/AAAAAAAABA0\/np6wufql1Cc\/s400\/III+festival.JPG\" border=\"0\" \/><\/a> <\/p>\n<div align=\"center\">mar\u00e9 morta &#8211; edu lobo<\/div>\n<div align=\"center\">sonho &#8211; egberto gismonti<\/div>\n<div align=\"center\">amada canta &#8211; claudette<\/div>\n<div align=\"center\">maria \u00e9 s\u00f3 voc\u00ea &#8211; agora 4<\/div>\n<div align=\"center\">mestre sala &#8211; tuca<\/div>\n<div align=\"center\">corpo e alma &#8211; paulo cesar<\/div>\n<div align=\"center\">rainha do sobrado &#8211; elmo rodrigues<\/div>\n<div align=\"center\">rua da aurora &#8211; lucelena<\/div>\n<div align=\"center\">engano &#8211; m\u00e1rcia<\/div>\n<div align=\"center\">por causa de um amor &#8211; paulo marquez<\/div>\n<div align=\"center\">her\u00f3i de guerra &#8211; silvia mria e o vocal<\/div>\n<div align=\"center\">pr\u00e1 n\u00e3o dizer que n\u00e3o falei de flores &#8211; trio maray\u00e1<\/div>\n<div align=\"center\">praia s\u00f3 &#8211; geise<\/div>\n<div align=\"center\"><\/div>\n<\/div>\n","protected":false},"excerpt":{"rendered":"<p>mar\u00e9 morta &#8211; edu lobo sonho &#8211; egberto gismonti amada canta &#8211; claudette maria \u00e9 s\u00f3 voc\u00ea &#8211; agora 4 mestre sala &#8211; tuca corpo e alma &#8211; paulo cesar rainha do sobrado &#8211; elmo rodrigues rua da aurora &#8211; &hellip; <a href=\"https:\/\/www.toque-musicall.com\/?p=1805\">Continue lendo <span class=\"meta-nav\">&rarr;<\/span><\/a><\/p>\n","protected":false},"author":1,"featured_media":0,"comment_status":"open","ping_status":"closed","sticky":false,"template":"","format":"standard","meta":{"footnotes":""},"categories":[278,1796],"tags":[],"class_list":["post-1805","post","type-post","status-publish","format-standard","hentry","category-festivais","category-iii-festival-internacional-da-cancao-popular-rio"],"_links":{"self":[{"href":"https:\/\/www.toque-musicall.com\/index.php?rest_route=\/wp\/v2\/posts\/1805","targetHints":{"allow":["GET"]}}],"collection":[{"href":"https:\/\/www.toque-musicall.com\/index.php?rest_route=\/wp\/v2\/posts"}],"about":[{"href":"https:\/\/www.toque-musicall.com\/index.php?rest_route=\/wp\/v2\/types\/post"}],"author":[{"embeddable":true,"href":"https:\/\/www.toque-musicall.com\/index.php?rest_route=\/wp\/v2\/users\/1"}],"replies":[{"embeddable":true,"href":"https:\/\/www.toque-musicall.com\/index.php?rest_route=%2Fwp%2Fv2%2Fcomments&post=1805"}],"version-history":[{"count":0,"href":"https:\/\/www.toque-musicall.com\/index.php?rest_route=\/wp\/v2\/posts\/1805\/revisions"}],"wp:attachment":[{"href":"https:\/\/www.toque-musicall.com\/index.php?rest_route=%2Fwp%2Fv2%2Fmedia&parent=1805"}],"wp:term":[{"taxonomy":"category","embeddable":true,"href":"https:\/\/www.toque-musicall.com\/index.php?rest_route=%2Fwp%2Fv2%2Fcategories&post=1805"},{"taxonomy":"post_tag","embeddable":true,"href":"https:\/\/www.toque-musicall.com\/index.php?rest_route=%2Fwp%2Fv2%2Ftags&post=1805"}],"curies":[{"name":"wp","href":"https:\/\/api.w.org\/{rel}","templated":true}]}}