{"id":1816,"date":"2007-12-27T23:05:00","date_gmt":"2007-12-27T23:05:00","guid":{"rendered":"http:\/\/www.toque-musicall.com\/?p=1816"},"modified":"2007-12-27T23:05:00","modified_gmt":"2007-12-27T23:05:00","slug":"marlene-te-pego-pela-palavra-1974-2","status":"publish","type":"post","link":"https:\/\/www.toque-musicall.com\/?p=1816","title":{"rendered":"Marlene &#8211; Te Pego Pela Palavra (1974)"},"content":{"rendered":"<div align=\"center\"><a href=\"http:\/\/1.bp.blogspot.com\/_DSKVEvHtskc\/R3QwKo-YpgI\/AAAAAAAAA_c\/8nNz4lAdm60\/s1600-h\/marlene+-te+pego+pela+palavra+2.jpg\"><img decoding=\"async\" id=\"BLOGGER_PHOTO_ID_5148793233347225090\" style=\"DISPLAY: block; MARGIN: 0px auto 10px; CURSOR: hand; TEXT-ALIGN: center\" alt=\"\" src=\"http:\/\/1.bp.blogspot.com\/_DSKVEvHtskc\/R3QwKo-YpgI\/AAAAAAAAA_c\/8nNz4lAdm60\/s400\/marlene+-te+pego+pela+palavra+2.jpg\" border=\"0\" \/><\/a>01. Lata d&#8217;\u00e1gua &#8211; Z\u00e9 Marmita &#8211; Pra quem quiser cantar &#8211; Se \u00e9 pecado sambar &#8211; Primeira bateria &#8211; Broco do Dod\u00f4 crioulo<\/div>\n<div align=\"center\">02. Dois pra l\u00e1, dois pra c\u00e1 &#8211; Ronda &#8211; Cabar\u00e9<\/div>\n<div align=\"center\">03. Na subida do morro<\/div>\n<div align=\"center\">04. Pra onde vai valente<\/div>\n<div align=\"center\">05. Seren\u00f4 &#8211; Man\u00e9 Fogueteiro &#8211; Debaixo do sol<\/div>\n<div align=\"center\">06. Rock n&#8217;Roll<\/div>\n<div align=\"center\">07. Beguine dod\u00f3i<\/div>\n<div align=\"center\">08. Resistindo<\/div>\n<div align=\"center\">09. O trem chegou &#8211; Trem de Alagoas &#8211; Ponta de areia &#8211; O trem<\/div>\n<div align=\"center\">10. Cabra cega &#8211; O chef\u00e3o<\/div>\n<div align=\"center\">11. Galope<\/div>\n<div align=\"center\">12. Meu cora\u00e7\u00e3o \u00e9 um pandeiro<\/div>\n<div align=\"center\">13. Roupa prateada &#8211; Catedral do inferno &#8211; Se \u00e9 pecado sambar<\/div>\n<div align=\"center\"><\/div>\n<div align=\"center\"><\/div>\n<div align=\"center\"><\/div>\n","protected":false},"excerpt":{"rendered":"<p>01. Lata d&#8217;\u00e1gua &#8211; Z\u00e9 Marmita &#8211; Pra quem quiser cantar &#8211; Se \u00e9 pecado sambar &#8211; Primeira bateria &#8211; Broco do Dod\u00f4 crioulo 02. Dois pra l\u00e1, dois pra c\u00e1 &#8211; Ronda &#8211; Cabar\u00e9 03. Na subida do morro &hellip; <a href=\"https:\/\/www.toque-musicall.com\/?p=1816\">Continue lendo <span class=\"meta-nav\">&rarr;<\/span><\/a><\/p>\n","protected":false},"author":1,"featured_media":0,"comment_status":"open","ping_status":"closed","sticky":false,"template":"","format":"standard","meta":{"footnotes":""},"categories":[103],"tags":[],"class_list":["post-1816","post","type-post","status-publish","format-standard","hentry","category-marlene"],"_links":{"self":[{"href":"https:\/\/www.toque-musicall.com\/index.php?rest_route=\/wp\/v2\/posts\/1816","targetHints":{"allow":["GET"]}}],"collection":[{"href":"https:\/\/www.toque-musicall.com\/index.php?rest_route=\/wp\/v2\/posts"}],"about":[{"href":"https:\/\/www.toque-musicall.com\/index.php?rest_route=\/wp\/v2\/types\/post"}],"author":[{"embeddable":true,"href":"https:\/\/www.toque-musicall.com\/index.php?rest_route=\/wp\/v2\/users\/1"}],"replies":[{"embeddable":true,"href":"https:\/\/www.toque-musicall.com\/index.php?rest_route=%2Fwp%2Fv2%2Fcomments&post=1816"}],"version-history":[{"count":0,"href":"https:\/\/www.toque-musicall.com\/index.php?rest_route=\/wp\/v2\/posts\/1816\/revisions"}],"wp:attachment":[{"href":"https:\/\/www.toque-musicall.com\/index.php?rest_route=%2Fwp%2Fv2%2Fmedia&parent=1816"}],"wp:term":[{"taxonomy":"category","embeddable":true,"href":"https:\/\/www.toque-musicall.com\/index.php?rest_route=%2Fwp%2Fv2%2Fcategories&post=1816"},{"taxonomy":"post_tag","embeddable":true,"href":"https:\/\/www.toque-musicall.com\/index.php?rest_route=%2Fwp%2Fv2%2Ftags&post=1816"}],"curies":[{"name":"wp","href":"https:\/\/api.w.org\/{rel}","templated":true}]}}