{"id":1830,"date":"2007-12-21T10:24:00","date_gmt":"2007-12-21T10:24:00","guid":{"rendered":"http:\/\/www.toque-musicall.com\/?p=1830"},"modified":"2007-12-21T10:24:00","modified_gmt":"2007-12-21T10:24:00","slug":"novelli-cancoes-brasileiras-1983","status":"publish","type":"post","link":"https:\/\/www.toque-musicall.com\/?p=1830","title":{"rendered":"Novelli &#8211; Can\u00e7\u00f5es Brasileiras (1983)"},"content":{"rendered":"<p><a href=\"http:\/\/3.bp.blogspot.com\/_DSKVEvHtskc\/R7TxY4ohgyI\/AAAAAAAABGo\/rRGxKp5IasE\/s1600-h\/capa.jpg\"><img decoding=\"async\" id=\"BLOGGER_PHOTO_ID_5167020082322309922\" style=\"DISPLAY: block; MARGIN: 0px auto 10px; CURSOR: hand; TEXT-ALIGN: center\" alt=\"\" src=\"http:\/\/3.bp.blogspot.com\/_DSKVEvHtskc\/R7TxY4ohgyI\/AAAAAAAABGo\/rRGxKp5IasE\/s400\/capa.jpg\" border=\"0\" \/><\/a>Nesta semana de artista mineiros, acabei meio que por (um feliz) acaso inclu\u00edndo um pernambucano, o Novelli. A gente as vezes &#8216;viaja na maionese&#8217; e quando v\u00ea j\u00e1 fez&#8230; Bom, o cara n\u00e3o \u00e9 mineiro, mas conhece bem a turma de l\u00e1. Conviveu e criou composi\u00e7\u00f5es ao lado dos mineiros. Mas sua atua\u00e7\u00e3o n\u00e3o se limita a Minas. O cara \u00e9 rodado e tem muita bagagem. T\u00e1 na estrada desde o in\u00edcio dos anos 60. Al\u00e9m de ter tocado com os mais diversos artistas, nacionais e internacionais, tamb\u00e9m comp\u00f4s coisas maravilhosas, interpretadas por nomes de peso.<\/p>\n<div>Aqui temos um disco raro, lan\u00e7ado na Fran\u00e7a no in\u00edcio dos anos 80. At\u00e9 onde sei, este disco n\u00e3o chegou ao Brasil. Uma pena, pois uma j\u00f3ia&#8230; Assim, em homenagem aos mineiros, vamos de Pernambuco. <\/div>\n<p><\/p>\n<div><\/div>\n<div align=\"center\">Teia de aranha (Novelli &#8211; Cacaso)<\/div>\n<div align=\"center\">Sem fim (Novelli &#8211; Cacaso)<\/div>\n<div align=\"center\">Profunda solid\u00e3o (Novelli &#8211; Cacaso)<\/div>\n<div align=\"center\">Andorinha (Novelli &#8211; Cacaso)<\/div>\n<div align=\"center\">Valsa para Bill Evans (Novelli)<\/div>\n<div align=\"center\">F\u00e1bio Novellinho (Novelli)<\/div>\n<div align=\"center\">Minas Gerais (Novelli &#8211; Ronaldo Bastos)<\/div>\n<div align=\"center\">Janelas abertas (Novelli &#8211; Ronaldo Bastos)<\/div>\n<div align=\"center\">Fim de abril (Novelli &#8211; Marcio Borges)<\/div>\n<div align=\"center\"><\/div>\n<div align=\"center\"><\/div>\n<div align=\"center\"> <\/div>\n","protected":false},"excerpt":{"rendered":"<p>Nesta semana de artista mineiros, acabei meio que por (um feliz) acaso inclu\u00edndo um pernambucano, o Novelli. A gente as vezes &#8216;viaja na maionese&#8217; e quando v\u00ea j\u00e1 fez&#8230; Bom, o cara n\u00e3o \u00e9 mineiro, mas conhece bem a turma &hellip; <a href=\"https:\/\/www.toque-musicall.com\/?p=1830\">Continue lendo <span class=\"meta-nav\">&rarr;<\/span><\/a><\/p>\n","protected":false},"author":1,"featured_media":0,"comment_status":"open","ping_status":"closed","sticky":false,"template":"","format":"standard","meta":{"footnotes":""},"categories":[1802],"tags":[],"class_list":["post-1830","post","type-post","status-publish","format-standard","hentry","category-novelli"],"_links":{"self":[{"href":"https:\/\/www.toque-musicall.com\/index.php?rest_route=\/wp\/v2\/posts\/1830","targetHints":{"allow":["GET"]}}],"collection":[{"href":"https:\/\/www.toque-musicall.com\/index.php?rest_route=\/wp\/v2\/posts"}],"about":[{"href":"https:\/\/www.toque-musicall.com\/index.php?rest_route=\/wp\/v2\/types\/post"}],"author":[{"embeddable":true,"href":"https:\/\/www.toque-musicall.com\/index.php?rest_route=\/wp\/v2\/users\/1"}],"replies":[{"embeddable":true,"href":"https:\/\/www.toque-musicall.com\/index.php?rest_route=%2Fwp%2Fv2%2Fcomments&post=1830"}],"version-history":[{"count":0,"href":"https:\/\/www.toque-musicall.com\/index.php?rest_route=\/wp\/v2\/posts\/1830\/revisions"}],"wp:attachment":[{"href":"https:\/\/www.toque-musicall.com\/index.php?rest_route=%2Fwp%2Fv2%2Fmedia&parent=1830"}],"wp:term":[{"taxonomy":"category","embeddable":true,"href":"https:\/\/www.toque-musicall.com\/index.php?rest_route=%2Fwp%2Fv2%2Fcategories&post=1830"},{"taxonomy":"post_tag","embeddable":true,"href":"https:\/\/www.toque-musicall.com\/index.php?rest_route=%2Fwp%2Fv2%2Ftags&post=1830"}],"curies":[{"name":"wp","href":"https:\/\/api.w.org\/{rel}","templated":true}]}}