{"id":185,"date":"2012-01-08T13:05:00","date_gmt":"2012-01-08T13:05:00","guid":{"rendered":"http:\/\/www.toque-musicall.com\/?p=185"},"modified":"2012-01-08T13:05:00","modified_gmt":"2012-01-08T13:05:00","slug":"dilermando-reis-1969","status":"publish","type":"post","link":"https:\/\/www.toque-musicall.com\/?p=185","title":{"rendered":"Dilermando Reis (1969)"},"content":{"rendered":"<p><a href=\"http:\/\/3.bp.blogspot.com\/-4c-Fz9ou-v0\/TwmU7hQhthI\/AAAAAAAAAzM\/jn7YqMurnfc\/s1600\/dilermando+P.JPG\"><img decoding=\"async\" src=\"http:\/\/3.bp.blogspot.com\/-4c-Fz9ou-v0\/TwmU7hQhthI\/AAAAAAAAAzM\/jn7YqMurnfc\/s400\/dilermando+P.JPG\" border=\"0\" alt=\"\" id=\"BLOGGER_PHOTO_ID_5695246954047583762\" style=\"display: block; margin-top: 0px; margin-right: auto; margin-bottom: 10px; margin-left: auto; text-align: center; cursor: pointer; width: 400px; height: 396px; \" \/><\/a><img decoding=\"async\" src=\"http:\/\/1.bp.blogspot.com\/-Ug6N7btiRtg\/TwmXT01KnJI\/AAAAAAAAAzY\/IY758WzW974\/s400\/dilermando+Bp.JPG\" border=\"0\" alt=\"\" id=\"BLOGGER_PHOTO_ID_5695249570641648786\" style=\"display: block; margin-top: 0px; margin-right: auto; margin-bottom: 10px; margin-left: auto; text-align: center; cursor: pointer; width: 400px; height: 398px; \" \/>Ol\u00e1, amigos cultos e ocultos! A partir deste ano come\u00e7arei a incluir na postagem, al\u00e9m da ilustra\u00e7\u00e3o da capa, a contracapa tamb\u00e9m. Acredito que assim, a postagem ficar\u00e1 mais completa, muitas vezes complementando as informa\u00e7\u00f5es de apresenta\u00e7\u00e3o do disco. Eu j\u00e1 devia ter tomado essa decis\u00e3o logo que iniciei o blog. Mas, como toda a &#8216;constru\u00e7\u00e3o&#8217;, \u00e9 ao longo do tempo que os detalhes v\u00e3o se definindo. Na medida do poss\u00edvel, tamb\u00e9m irei renovando as antigas postagens, incluindo assim as suas contracapas.<\/p>\n<div>\n<div>Como vemos, aqui est\u00e1 o Dilermando Reis em mais uma postagem de primeira m\u00e3o. Temos neste \u00e1lbum, lan\u00e7ado em 1969 pela Continental, um repert\u00f3rio quase todo autoral. Mas tamb\u00e9m h\u00e1 espa\u00e7o para Zequinha de Abreu, Pixinguinha, Ernesto Nazareth e outros. Entre tantas faixas interessantes, &#8220;Sobradinho&#8221; \u00e9 uma m\u00fasica que sempre me chamou a aten\u00e7\u00e3o. Acredito que no momento da cria\u00e7\u00e3o, Dilermando estava com outro maxixe famoso na cabe\u00e7a, o dific\u00edlimo &#8220;Sons de carrilh\u00f5es&#8221;, de Jo\u00e3o Pernambuco. Reparem como as duas m\u00fasicas trazem algo em comum<\/div>\n<div>al\u00e9m do virtuosismo e beleza. Dis\u00e7\u00e3o, podem conferir&#8230; \ud83d\ude09<\/div>\n<div><\/div>\n<div style=\"text-align: center;\">ondas do dan\u00fabio<\/div>\n<\/div>\n<div style=\"text-align: center;\">polquinha do z\u00e9<\/div>\n<div style=\"text-align: center;\">cora\u00e7\u00e3o que sente<\/div>\n<div style=\"text-align: center;\">contra tempo<\/div>\n<div style=\"text-align: center;\">tardes em lindoia<\/div>\n<div style=\"text-align: center;\">aquela saudade<\/div>\n<div style=\"text-align: center;\">rosa<\/div>\n<div style=\"text-align: center;\">sobradinho<\/div>\n<div style=\"text-align: center;\">pituchinha<\/div>\n<div style=\"text-align: center;\">machucando<\/div>\n<div style=\"text-align: center;\">choro pra claudinha<\/div>\n<div style=\"text-align: center;\">rosas de outono<\/div>\n<div style=\"text-align: center;\"><\/div>\n<div style=\"text-align: center;\"><\/div>\n","protected":false},"excerpt":{"rendered":"<p>Ol\u00e1, amigos cultos e ocultos! A partir deste ano come\u00e7arei a incluir na postagem, al\u00e9m da ilustra\u00e7\u00e3o da capa, a contracapa tamb\u00e9m. Acredito que assim, a postagem ficar\u00e1 mais completa, muitas vezes complementando as informa\u00e7\u00f5es de apresenta\u00e7\u00e3o do disco. Eu &hellip; <a href=\"https:\/\/www.toque-musicall.com\/?p=185\">Continue lendo <span class=\"meta-nav\">&rarr;<\/span><\/a><\/p>\n","protected":false},"author":1,"featured_media":0,"comment_status":"open","ping_status":"closed","sticky":false,"template":"","format":"standard","meta":{"footnotes":""},"categories":[75,40],"tags":[],"class_list":["post-185","post","type-post","status-publish","format-standard","hentry","category-dilermando-reis","category-selo-continental"],"_links":{"self":[{"href":"https:\/\/www.toque-musicall.com\/index.php?rest_route=\/wp\/v2\/posts\/185","targetHints":{"allow":["GET"]}}],"collection":[{"href":"https:\/\/www.toque-musicall.com\/index.php?rest_route=\/wp\/v2\/posts"}],"about":[{"href":"https:\/\/www.toque-musicall.com\/index.php?rest_route=\/wp\/v2\/types\/post"}],"author":[{"embeddable":true,"href":"https:\/\/www.toque-musicall.com\/index.php?rest_route=\/wp\/v2\/users\/1"}],"replies":[{"embeddable":true,"href":"https:\/\/www.toque-musicall.com\/index.php?rest_route=%2Fwp%2Fv2%2Fcomments&post=185"}],"version-history":[{"count":0,"href":"https:\/\/www.toque-musicall.com\/index.php?rest_route=\/wp\/v2\/posts\/185\/revisions"}],"wp:attachment":[{"href":"https:\/\/www.toque-musicall.com\/index.php?rest_route=%2Fwp%2Fv2%2Fmedia&parent=185"}],"wp:term":[{"taxonomy":"category","embeddable":true,"href":"https:\/\/www.toque-musicall.com\/index.php?rest_route=%2Fwp%2Fv2%2Fcategories&post=185"},{"taxonomy":"post_tag","embeddable":true,"href":"https:\/\/www.toque-musicall.com\/index.php?rest_route=%2Fwp%2Fv2%2Ftags&post=185"}],"curies":[{"name":"wp","href":"https:\/\/api.w.org\/{rel}","templated":true}]}}