{"id":1851,"date":"2007-12-11T10:01:00","date_gmt":"2007-12-11T10:01:00","guid":{"rendered":"http:\/\/www.toque-musicall.com\/?p=1851"},"modified":"2007-12-11T10:01:00","modified_gmt":"2007-12-11T10:01:00","slug":"fernando-oly-tempo-pra-tudo-1981","status":"publish","type":"post","link":"https:\/\/www.toque-musicall.com\/?p=1851","title":{"rendered":"Fernando Oly &#8211; Tempo Pra Tudo (1981)"},"content":{"rendered":"<p><a href=\"http:\/\/3.bp.blogspot.com\/_DSKVEvHtskc\/Spx8wzJlsmI\/AAAAAAAAFSY\/y-q8CgwHSQ4\/s1600-h\/fernando+oly+P.JPG\"><img decoding=\"async\" style=\"display:block; margin:0px auto 10px; text-align:center;cursor:pointer; cursor:hand;width: 400px; height: 394px;\" src=\"http:\/\/3.bp.blogspot.com\/_DSKVEvHtskc\/Spx8wzJlsmI\/AAAAAAAAFSY\/y-q8CgwHSQ4\/s400\/fernando+oly+P.JPG\" border=\"0\" alt=\"\" id=\"BLOGGER_PHOTO_ID_5376309232979522146\" \/><\/a>Um disco com gostinho de Clube da Esquina. Um aut\u00eantico \u00e1lbum de mineiro. Este lp \u00e9 daqueles que se ouve uma vez e j\u00e1 se apaixona. O m\u00fasico Fernando Oly (meio sumido) foi muito feliz na produ\u00e7\u00e3o deste lp, que conta com a nata da m\u00fasica mineira. A m\u00fasica &#8220;Chuva na montanha&#8221; se transformou num &#8216;hit&#8217; com todas as caracter\u00edsticas da m\u00fasica de L\u00f4 Borges, que por sinal tamb\u00e9m a gravou. Outro destaque \u00e9 &#8220;No reino da bicharada&#8221;, que fez tamb\u00e9m sucesso, inclusive com o p\u00fablico infantil.<\/p>\n<div><\/p>\n<div align=\"center\">Chuva na montanha<\/div>\n<div align=\"center\">Cheiro de rom\u00e3<\/div>\n<div align=\"center\">No reino da bicharada<\/div>\n<div align=\"center\">Birimboca<\/div>\n<div align=\"center\">Para onde o vento a vela levar<\/div>\n<div align=\"center\">Sonhos claros<\/div>\n<div align=\"center\">Alto mar<\/div>\n<div align=\"center\">Barbara bela<\/div>\n<div align=\"center\">Dona baratinha<\/div>\n<div align=\"center\">Quando os Beatles voltarem<\/div>\n<div align=\"center\"><\/div>\n<div align=\"center\"><\/div>\n<div align=\"center\"><\/div>\n<\/div>\n","protected":false},"excerpt":{"rendered":"<p>Um disco com gostinho de Clube da Esquina. Um aut\u00eantico \u00e1lbum de mineiro. Este lp \u00e9 daqueles que se ouve uma vez e j\u00e1 se apaixona. O m\u00fasico Fernando Oly (meio sumido) foi muito feliz na produ\u00e7\u00e3o deste lp, que &hellip; <a href=\"https:\/\/www.toque-musicall.com\/?p=1851\">Continue lendo <span class=\"meta-nav\">&rarr;<\/span><\/a><\/p>\n","protected":false},"author":1,"featured_media":0,"comment_status":"open","ping_status":"closed","sticky":false,"template":"","format":"standard","meta":{"footnotes":""},"categories":[1809],"tags":[],"class_list":["post-1851","post","type-post","status-publish","format-standard","hentry","category-fernando-oly"],"_links":{"self":[{"href":"https:\/\/www.toque-musicall.com\/index.php?rest_route=\/wp\/v2\/posts\/1851","targetHints":{"allow":["GET"]}}],"collection":[{"href":"https:\/\/www.toque-musicall.com\/index.php?rest_route=\/wp\/v2\/posts"}],"about":[{"href":"https:\/\/www.toque-musicall.com\/index.php?rest_route=\/wp\/v2\/types\/post"}],"author":[{"embeddable":true,"href":"https:\/\/www.toque-musicall.com\/index.php?rest_route=\/wp\/v2\/users\/1"}],"replies":[{"embeddable":true,"href":"https:\/\/www.toque-musicall.com\/index.php?rest_route=%2Fwp%2Fv2%2Fcomments&post=1851"}],"version-history":[{"count":0,"href":"https:\/\/www.toque-musicall.com\/index.php?rest_route=\/wp\/v2\/posts\/1851\/revisions"}],"wp:attachment":[{"href":"https:\/\/www.toque-musicall.com\/index.php?rest_route=%2Fwp%2Fv2%2Fmedia&parent=1851"}],"wp:term":[{"taxonomy":"category","embeddable":true,"href":"https:\/\/www.toque-musicall.com\/index.php?rest_route=%2Fwp%2Fv2%2Fcategories&post=1851"},{"taxonomy":"post_tag","embeddable":true,"href":"https:\/\/www.toque-musicall.com\/index.php?rest_route=%2Fwp%2Fv2%2Ftags&post=1851"}],"curies":[{"name":"wp","href":"https:\/\/api.w.org\/{rel}","templated":true}]}}