{"id":187,"date":"2012-01-06T11:18:00","date_gmt":"2012-01-06T11:18:00","guid":{"rendered":"http:\/\/www.toque-musicall.com\/?p=187"},"modified":"2012-01-06T11:18:00","modified_gmt":"2012-01-06T11:18:00","slug":"low-fi-ready-for-rock-2011","status":"publish","type":"post","link":"https:\/\/www.toque-musicall.com\/?p=187","title":{"rendered":"Low-Fi &#8211; Ready for Rock (2011)"},"content":{"rendered":"<p><img decoding=\"async\" src=\"http:\/\/1.bp.blogspot.com\/-no2Ugegc3cU\/TwbYywJFz8I\/AAAAAAAAAyo\/LOUEMABU6NY\/s400\/capa+P.JPG\" style=\"display:block; margin:0px auto 10px; text-align:center;cursor:pointer; cursor:hand;width: 400px; height: 398px;\" border=\"0\" alt=\"\" id=\"BLOGGER_PHOTO_ID_5694477145284661186\" \/><a href=\"http:\/\/2.bp.blogspot.com\/-ov-Otp7r4yg\/TwmojxEzytI\/AAAAAAAAA0U\/gAUV7MX15Xc\/s1600\/backBox-1p.JPG\"><img decoding=\"async\" style=\"display:block; margin:0px auto 10px; text-align:center;cursor:pointer; cursor:hand;width: 400px; height: 343px;\" src=\"http:\/\/2.bp.blogspot.com\/-ov-Otp7r4yg\/TwmojxEzytI\/AAAAAAAAA0U\/gAUV7MX15Xc\/s400\/backBox-1p.JPG\" border=\"0\" alt=\"\" id=\"BLOGGER_PHOTO_ID_5695268536209099474\" \/><\/a>Bom dia, amigos cultos e ocultos! Chegamos \u00e0 primeira sexta feira de 2012, mantendo a programa\u00e7\u00e3o de postagem para os artistas e discos independentes. Como a cada dia, mais artistas e discos buscam o caminho alternativo e independente para lan\u00e7arem seus trabalhos, conv\u00e9m mantermos aqui um dia exclusivo para isso.<\/p>\n<div>No final do ano passado eu fui assistir ao show de lan\u00e7amento do primeiro disco da banda mineira <a href=\"http:\/\/www.low-fi.com.br\/\">Low-Fi<\/a>, no 104, l\u00e1 na Pra\u00e7a da Esta\u00e7\u00e3o. Eu j\u00e1 conhecia um pouco o trabalho de alguns dos integrantes, como o do Elinho, saxofonista e principal vocalista da banda e o baixista Rafael Pimenta, integrante dO Grande Ah!, outra banda mineira, que teve um merecido destaque nos anos 80 e 90. No show, inclusive, participaram da canja outros m\u00fasicos dO Grande Ah!. Foi mesmo uma festa aquela noite. Eu gostei da apresenta\u00e7\u00e3o dos caras, o que me incomodou foi o barulhinho de copos, lou\u00e7as e talheres, gente falando. Coisas que ao me ver comprometeram a apresenta\u00e7\u00e3o, al\u00e9m da pr\u00f3pria ac\u00fastica do local que n\u00e3o favorecia em nada. Tentei n\u00e3o levar isso em conta, considerando tamb\u00e9m que aquela apresenta\u00e7\u00e3o, em um Caf\u00e9, tinha um car\u00e1ter mais &#8216;familiar&#8217;. Ali s\u00f3 tinha mesmo os amigos, parceiros e parentes. Estavam todos em festa. No geral, foi bacana, mas acho que os caras deveriam levar esse trabalho para um palco e p\u00fablico maior. S\u00e3o todos m\u00fasicos super competentes e experientes, al\u00e9m de uma boa presen\u00e7a de palco. Quem \u00e9 de Bel\u00f4 deve se lembrar de bandas como Gadernais, Nest, Freak Brothers e Diverg\u00eancia Socialista. Esta turma do Low-Fi vem da\u00ed. Classificar a banda \u00e9 uma coisa meio dif\u00edcil para mim, mas a sua ess\u00eancia \u00e9 o velho e bom rock&#8217;n&#8217;roll. Podemos dizer que \u00e9 uma banda de rock, mas trazem o &#8216;qu\u00ea&#8217; de sofistica\u00e7\u00e3o ao incorporarem o sax alto, de uma forma que muito me lembra a impec\u00e1vel e saudosa banda americana Morphine. Mas, n\u00e3o se enganem, o Low-Fi tem tamb\u00e9m outras influ\u00eancias que vai do blues \u00e0 mpb. No \u00e1lbum de estr\u00e9ia iremos encontrar um repert\u00f3rio bem interessante, que tem al\u00e9m de composi\u00e7\u00f5es pr\u00f3prias, outras como a releitura de &#8220;O filho predileto de Rajneesh&#8221;, do memor\u00e1vel Sexo Expl\u00edcito, gravada tamb\u00e9m pelo Pato Fu. &#8220;Negue&#8221;, de Adelino Moreira e Enzo de Almeida, tamb\u00e9m \u00e9 outra, um cl\u00e1ssico rom\u00e2ntico eternizado na voz de Nelson Gon\u00e7alves, adquire aqui uma roupagem quase jocosa, acelerada, que ao meu ver (e ouvir), serviu mais como estrutura para uma &#8216;jam session&#8217; do que propriamente uma interpreta\u00e7\u00e3o apaixonada. Morri de ri ao ver no show algumas pessoas mais velhas tentando acompanhar cantando aquela m\u00fasica, num arranjo que faria o Metralha cuspir fogo, hehehe&#8230; Acho que \u00e9 exatamente isso que me agrada e faz o diferencial da banda. No cd, a produ\u00e7\u00e3o contou tamb\u00e9m com participa\u00e7\u00f5es especiais como as de Paulinho da Costa, trompetista no Skank; Gabriel Guedes, m\u00fasico super talentoso, filho do Beto; o guitarrista franc\u00eas Allain Sarragose; Leo Lima; Deco Lima e Marcos Pimenta (O Grande Ah!). Vamos conferir?<\/div>\n<div><\/div>\n<div style=\"text-align: center;\">ready for love<\/div>\n<div style=\"text-align: center;\">seu segredo<\/div>\n<div style=\"text-align: center;\">no crime<\/div>\n<div style=\"text-align: center;\">to die for<\/div>\n<div style=\"text-align: center;\">bel\u00e9m-bel\u00e9m<\/div>\n<div style=\"text-align: center;\">negue<\/div>\n<div style=\"text-align: center;\">o filho predileto de rajneesh<\/div>\n<div style=\"text-align: center;\">sinceramente<\/div>\n<div style=\"text-align: center;\">i&#8217;m sure<\/div>\n<div style=\"text-align: center;\">divertir<\/div>\n<div style=\"text-align: center;\">i&#8217;m worried<\/div>\n<div style=\"text-align: center;\">nada (bonus)<\/div>\n<div><\/div>\n<div><\/div>\n","protected":false},"excerpt":{"rendered":"<p>Bom dia, amigos cultos e ocultos! Chegamos \u00e0 primeira sexta feira de 2012, mantendo a programa\u00e7\u00e3o de postagem para os artistas e discos independentes. Como a cada dia, mais artistas e discos buscam o caminho alternativo e independente para lan\u00e7arem &hellip; <a href=\"https:\/\/www.toque-musicall.com\/?p=187\">Continue lendo <span class=\"meta-nav\">&rarr;<\/span><\/a><\/p>\n","protected":false},"author":1,"featured_media":0,"comment_status":"open","ping_status":"closed","sticky":false,"template":"","format":"standard","meta":{"footnotes":""},"categories":[341,25],"tags":[],"class_list":["post-187","post","type-post","status-publish","format-standard","hentry","category-low-fi","category-selo-independente"],"_links":{"self":[{"href":"https:\/\/www.toque-musicall.com\/index.php?rest_route=\/wp\/v2\/posts\/187","targetHints":{"allow":["GET"]}}],"collection":[{"href":"https:\/\/www.toque-musicall.com\/index.php?rest_route=\/wp\/v2\/posts"}],"about":[{"href":"https:\/\/www.toque-musicall.com\/index.php?rest_route=\/wp\/v2\/types\/post"}],"author":[{"embeddable":true,"href":"https:\/\/www.toque-musicall.com\/index.php?rest_route=\/wp\/v2\/users\/1"}],"replies":[{"embeddable":true,"href":"https:\/\/www.toque-musicall.com\/index.php?rest_route=%2Fwp%2Fv2%2Fcomments&post=187"}],"version-history":[{"count":0,"href":"https:\/\/www.toque-musicall.com\/index.php?rest_route=\/wp\/v2\/posts\/187\/revisions"}],"wp:attachment":[{"href":"https:\/\/www.toque-musicall.com\/index.php?rest_route=%2Fwp%2Fv2%2Fmedia&parent=187"}],"wp:term":[{"taxonomy":"category","embeddable":true,"href":"https:\/\/www.toque-musicall.com\/index.php?rest_route=%2Fwp%2Fv2%2Fcategories&post=187"},{"taxonomy":"post_tag","embeddable":true,"href":"https:\/\/www.toque-musicall.com\/index.php?rest_route=%2Fwp%2Fv2%2Ftags&post=187"}],"curies":[{"name":"wp","href":"https:\/\/api.w.org\/{rel}","templated":true}]}}