{"id":1872,"date":"2007-12-01T03:18:00","date_gmt":"2007-12-01T03:18:00","guid":{"rendered":"http:\/\/www.toque-musicall.com\/?p=1872"},"modified":"2013-01-26T20:36:03","modified_gmt":"2013-01-26T22:36:03","slug":"renato-teixeira-album-de-familia-1971","status":"publish","type":"post","link":"https:\/\/www.toque-musicall.com\/?p=1872","title":{"rendered":"Renato Teixeira &#8211; \u00c1lbum De Fam\u00edlia (1971)"},"content":{"rendered":"<div align=\"center\"><a href=\"http:\/\/3.bp.blogspot.com\/_DSKVEvHtskc\/R1FJ5D5r0NI\/AAAAAAAAA28\/r_0Xtd2r65c\/s1600-R\/renato+teixeira.JPG\"><img decoding=\"async\" id=\"BLOGGER_PHOTO_ID_5138969894455070930\" style=\"display: block; margin: 0px auto 10px; cursor: hand; text-align: center;\" src=\"http:\/\/3.bp.blogspot.com\/_DSKVEvHtskc\/R1FJ5D5r0NI\/AAAAAAAAA28\/h-hE8JyyuDU\/s400\/renato+teixeira.JPG\" alt=\"\" border=\"0\" \/><\/a><\/div>\n<div style=\"text-align: left;\" align=\"center\">Ol\u00e1 amigos cultos e ocultos! Segue hoje para voc\u00eas este excelente disco lan\u00e7ado por Renato Teixiera. creio eu, foi o seu segundo disco. &#8220;\u00c1lbum de Fam\u00edlia&#8221; foi um disco gravado em 1971, pelo selo Marcus Pereira. Em 1978 o lp foi novamente relan\u00e7ado e alguns anos depois saiu tamb\u00e9m em cd. Hoje em dia est\u00e1 dif\u00edcil de achar em todas as duas vers\u00f5es. O jeito \u00e9 conferir aqui, no Toque Musical.<\/div>\n<div align=\"center\"><\/div>\n<div align=\"center\">\u00e1lbum de fam\u00edlia<\/div>\n<div align=\"center\">cord\u00e3o de gra\u00e7a<\/div>\n<div align=\"center\">feira das trocas<\/div>\n<div align=\"center\">ze pereira<\/div>\n<div align=\"center\">meu amor, meu namorado<\/div>\n<div align=\"center\">merenc\u00f3ria<\/div>\n<div align=\"center\">moreninha se eu te pedisse<\/div>\n<div align=\"center\">08-tristeza do jeca e casa de caboclo<\/div>\n<div align=\"center\">gavi\u00e3o de penacho<\/div>\n<div align=\"center\">era azul<\/div>\n<div align=\"center\">me conta uma hist\u00f3ria<\/div>\n<div align=\"center\">a igreja matriz<\/div>\n<div align=\"center\"><\/div>\n<div align=\"center\"><\/div>\n","protected":false},"excerpt":{"rendered":"<p>Ol\u00e1 amigos cultos e ocultos! Segue hoje para voc\u00eas este excelente disco lan\u00e7ado por Renato Teixiera. creio eu, foi o seu segundo disco. &#8220;\u00c1lbum de Fam\u00edlia&#8221; foi um disco gravado em 1971, pelo selo Marcus Pereira. Em 1978 o lp &hellip; <a href=\"https:\/\/www.toque-musicall.com\/?p=1872\">Continue lendo <span class=\"meta-nav\">&rarr;<\/span><\/a><\/p>\n","protected":false},"author":1,"featured_media":0,"comment_status":"open","ping_status":"closed","sticky":false,"template":"","format":"standard","meta":{"footnotes":""},"categories":[598,130],"tags":[],"class_list":["post-1872","post","type-post","status-publish","format-standard","hentry","category-renato-teixeira","category-selo-marcus-pereira"],"_links":{"self":[{"href":"https:\/\/www.toque-musicall.com\/index.php?rest_route=\/wp\/v2\/posts\/1872","targetHints":{"allow":["GET"]}}],"collection":[{"href":"https:\/\/www.toque-musicall.com\/index.php?rest_route=\/wp\/v2\/posts"}],"about":[{"href":"https:\/\/www.toque-musicall.com\/index.php?rest_route=\/wp\/v2\/types\/post"}],"author":[{"embeddable":true,"href":"https:\/\/www.toque-musicall.com\/index.php?rest_route=\/wp\/v2\/users\/1"}],"replies":[{"embeddable":true,"href":"https:\/\/www.toque-musicall.com\/index.php?rest_route=%2Fwp%2Fv2%2Fcomments&post=1872"}],"version-history":[{"count":3,"href":"https:\/\/www.toque-musicall.com\/index.php?rest_route=\/wp\/v2\/posts\/1872\/revisions"}],"predecessor-version":[{"id":2846,"href":"https:\/\/www.toque-musicall.com\/index.php?rest_route=\/wp\/v2\/posts\/1872\/revisions\/2846"}],"wp:attachment":[{"href":"https:\/\/www.toque-musicall.com\/index.php?rest_route=%2Fwp%2Fv2%2Fmedia&parent=1872"}],"wp:term":[{"taxonomy":"category","embeddable":true,"href":"https:\/\/www.toque-musicall.com\/index.php?rest_route=%2Fwp%2Fv2%2Fcategories&post=1872"},{"taxonomy":"post_tag","embeddable":true,"href":"https:\/\/www.toque-musicall.com\/index.php?rest_route=%2Fwp%2Fv2%2Ftags&post=1872"}],"curies":[{"name":"wp","href":"https:\/\/api.w.org\/{rel}","templated":true}]}}