{"id":1874,"date":"2007-11-30T19:05:00","date_gmt":"2007-11-30T19:05:00","guid":{"rendered":"http:\/\/www.toque-musicall.com\/?p=1874"},"modified":"2007-11-30T19:05:00","modified_gmt":"2007-11-30T19:05:00","slug":"plinio-marcos-em-prosa-samba-nas-quebradas-do-mundareu-1974","status":"publish","type":"post","link":"https:\/\/www.toque-musicall.com\/?p=1874","title":{"rendered":"Pl\u00ednio Marcos Em Prosa &#038; Samba, Nas Quebradas Do Mundar\u00e9u (1974)"},"content":{"rendered":"<div align=\"center\"><a href=\"http:\/\/4.bp.blogspot.com\/_DSKVEvHtskc\/R1BftjmP0LI\/AAAAAAAAA2s\/5smdwKv-3TI\/s1600-R\/Pl%C3%83%C2%ADnio+Marcos+em+Prosa+e+Samba,+nas+Quebradas+do+Mundar%C3%83%C2%A9u+(1974).jpg\"><img decoding=\"async\" id=\"BLOGGER_PHOTO_ID_5138712411084148914\" style=\"DISPLAY: block; MARGIN: 0px auto 10px; CURSOR: hand; TEXT-ALIGN: center\" alt=\"\" src=\"http:\/\/4.bp.blogspot.com\/_DSKVEvHtskc\/R1BftjmP0LI\/AAAAAAAAA2s\/7bEZK9txnIw\/s400\/Pl%C3%ADnio+Marcos+em+Prosa+e+Samba,+nas+Quebradas+do+Mundar%C3%A9u+(1974).jpg\" border=\"0\" \/><\/a> 01 &#8211; Tiririca (Geraldo Filme)<br \/>02 &#8211; Vou sambar n&#8217;outro lugar (Geraldo Filme)<br \/>03 &#8211; Tradi\u00e7\u00f5es e Festas de Pirapora (Geraldo Filme)<br \/>04 &#8211; Sil\u00eancio no Bixiga (Geraldo Filme)<br \/>05 &#8211; Tebas &#8220;O escravo&#8221; (Pra\u00e7a da S\u00e9) (Geraldo Filme)<br \/>06 &#8211; Brasil recebe o mundo de bra\u00e7os abertos (Zeca da Casa Verde)<br \/>07 &#8211; Congada (Zeca da Casa Verde)<br \/>08 &#8211; Linda mnh\u00e3 (Zeca da Casa Verde)<br \/>09 &#8211; Noite encantada (Zeca da Casa Verde)<br \/>10 &#8211; De Pirapora a Barueri (Tradicional) M\u00fasica tradicional paulista<br \/>11 &#8211; Ditado antigo (Toniquinho)<br \/>12 &#8211; Bloco do Chora Galo (Toniquinho)<br \/>13 &#8211; Samba de lei<\/p>\n<\/div>\n<div align=\"center\"><\/div>\n","protected":false},"excerpt":{"rendered":"<p>01 &#8211; Tiririca (Geraldo Filme)02 &#8211; Vou sambar n&#8217;outro lugar (Geraldo Filme)03 &#8211; Tradi\u00e7\u00f5es e Festas de Pirapora (Geraldo Filme)04 &#8211; Sil\u00eancio no Bixiga (Geraldo Filme)05 &#8211; Tebas &#8220;O escravo&#8221; (Pra\u00e7a da S\u00e9) (Geraldo Filme)06 &#8211; Brasil recebe o mundo &hellip; <a href=\"https:\/\/www.toque-musicall.com\/?p=1874\">Continue lendo <span class=\"meta-nav\">&rarr;<\/span><\/a><\/p>\n","protected":false},"author":1,"featured_media":0,"comment_status":"open","ping_status":"closed","sticky":false,"template":"","format":"standard","meta":{"footnotes":""},"categories":[1817,318],"tags":[],"class_list":["post-1874","post","type-post","status-publish","format-standard","hentry","category-plinio-marcos","category-poesia"],"_links":{"self":[{"href":"https:\/\/www.toque-musicall.com\/index.php?rest_route=\/wp\/v2\/posts\/1874","targetHints":{"allow":["GET"]}}],"collection":[{"href":"https:\/\/www.toque-musicall.com\/index.php?rest_route=\/wp\/v2\/posts"}],"about":[{"href":"https:\/\/www.toque-musicall.com\/index.php?rest_route=\/wp\/v2\/types\/post"}],"author":[{"embeddable":true,"href":"https:\/\/www.toque-musicall.com\/index.php?rest_route=\/wp\/v2\/users\/1"}],"replies":[{"embeddable":true,"href":"https:\/\/www.toque-musicall.com\/index.php?rest_route=%2Fwp%2Fv2%2Fcomments&post=1874"}],"version-history":[{"count":0,"href":"https:\/\/www.toque-musicall.com\/index.php?rest_route=\/wp\/v2\/posts\/1874\/revisions"}],"wp:attachment":[{"href":"https:\/\/www.toque-musicall.com\/index.php?rest_route=%2Fwp%2Fv2%2Fmedia&parent=1874"}],"wp:term":[{"taxonomy":"category","embeddable":true,"href":"https:\/\/www.toque-musicall.com\/index.php?rest_route=%2Fwp%2Fv2%2Fcategories&post=1874"},{"taxonomy":"post_tag","embeddable":true,"href":"https:\/\/www.toque-musicall.com\/index.php?rest_route=%2Fwp%2Fv2%2Ftags&post=1874"}],"curies":[{"name":"wp","href":"https:\/\/api.w.org\/{rel}","templated":true}]}}