{"id":1877,"date":"2007-11-29T15:35:00","date_gmt":"2007-11-29T15:35:00","guid":{"rendered":"http:\/\/www.toque-musicall.com\/?p=1877"},"modified":"2007-11-29T15:35:00","modified_gmt":"2007-11-29T15:35:00","slug":"clementina-de-jesus-tia-noca-geraldo-filme-canto-dos-escravos-1982","status":"publish","type":"post","link":"https:\/\/www.toque-musicall.com\/?p=1877","title":{"rendered":"Clementina De Jesus, Tia Noca &#038; Geraldo Filme &#8211; Canto Dos Escravos (1982)"},"content":{"rendered":"<div align=\"center\"><a href=\"http:\/\/4.bp.blogspot.com\/_DSKVEvHtskc\/R07dSDmP0II\/AAAAAAAAA2U\/_ruB5YPll2E\/s1600-h\/Canto.JPG\"><img decoding=\"async\" id=\"BLOGGER_PHOTO_ID_5138287527149424770\" style=\"DISPLAY: block; MARGIN: 0px auto 10px; CURSOR: hand; TEXT-ALIGN: center\" alt=\"\" src=\"http:\/\/4.bp.blogspot.com\/_DSKVEvHtskc\/R07dSDmP0II\/AAAAAAAAA2U\/_ruB5YPll2E\/s400\/Canto.JPG\" border=\"0\" \/><\/a> &#8220;Trazendo cantigas ancestrais dos negros benguelas, de S\u00e3o Jo\u00e3o da Chapada, em Diamantina, munic\u00edpio de Minas Gerais, o disco vem com uma cole\u00e7\u00e3o de 14 cantos, da s\u00e9rie dos 65 colhidos pelo pesquisador Aires da Mata Machado Filho, na d\u00e9cada de 30.&#8221;<\/div>\n<div align=\"center\"><\/div>\n<div align=\"center\"><\/div>\n","protected":false},"excerpt":{"rendered":"<p>&#8220;Trazendo cantigas ancestrais dos negros benguelas, de S\u00e3o Jo\u00e3o da Chapada, em Diamantina, munic\u00edpio de Minas Gerais, o disco vem com uma cole\u00e7\u00e3o de 14 cantos, da s\u00e9rie dos 65 colhidos pelo pesquisador Aires da Mata Machado Filho, na d\u00e9cada &hellip; <a href=\"https:\/\/www.toque-musicall.com\/?p=1877\">Continue lendo <span class=\"meta-nav\">&rarr;<\/span><\/a><\/p>\n","protected":false},"author":1,"featured_media":0,"comment_status":"open","ping_status":"closed","sticky":false,"template":"","format":"standard","meta":{"footnotes":""},"categories":[531,1820,1819],"tags":[],"class_list":["post-1877","post","type-post","status-publish","format-standard","hentry","category-clementina-de-jesus","category-geraldo-filme","category-tia-noca"],"_links":{"self":[{"href":"https:\/\/www.toque-musicall.com\/index.php?rest_route=\/wp\/v2\/posts\/1877","targetHints":{"allow":["GET"]}}],"collection":[{"href":"https:\/\/www.toque-musicall.com\/index.php?rest_route=\/wp\/v2\/posts"}],"about":[{"href":"https:\/\/www.toque-musicall.com\/index.php?rest_route=\/wp\/v2\/types\/post"}],"author":[{"embeddable":true,"href":"https:\/\/www.toque-musicall.com\/index.php?rest_route=\/wp\/v2\/users\/1"}],"replies":[{"embeddable":true,"href":"https:\/\/www.toque-musicall.com\/index.php?rest_route=%2Fwp%2Fv2%2Fcomments&post=1877"}],"version-history":[{"count":0,"href":"https:\/\/www.toque-musicall.com\/index.php?rest_route=\/wp\/v2\/posts\/1877\/revisions"}],"wp:attachment":[{"href":"https:\/\/www.toque-musicall.com\/index.php?rest_route=%2Fwp%2Fv2%2Fmedia&parent=1877"}],"wp:term":[{"taxonomy":"category","embeddable":true,"href":"https:\/\/www.toque-musicall.com\/index.php?rest_route=%2Fwp%2Fv2%2Fcategories&post=1877"},{"taxonomy":"post_tag","embeddable":true,"href":"https:\/\/www.toque-musicall.com\/index.php?rest_route=%2Fwp%2Fv2%2Ftags&post=1877"}],"curies":[{"name":"wp","href":"https:\/\/api.w.org\/{rel}","templated":true}]}}