{"id":1878,"date":"2007-11-28T13:26:00","date_gmt":"2007-11-28T13:26:00","guid":{"rendered":"http:\/\/www.toque-musicall.com\/?p=1878"},"modified":"2007-11-28T13:26:00","modified_gmt":"2007-11-28T13:26:00","slug":"os-batuqueiros-as-mulatas-mete-bronca-batuqueiro-operacao-samba-1972","status":"publish","type":"post","link":"https:\/\/www.toque-musicall.com\/?p=1878","title":{"rendered":"Os Batuqueiros &#038; As Mulatas &#8211; Mete Bronca Batuqueiro (Opera\u00e7\u00e3o Samba) (1972)"},"content":{"rendered":"<div align=\"center\"><a href=\"http:\/\/1.bp.blogspot.com\/_DSKVEvHtskc\/R012mjmP0GI\/AAAAAAAAA2E\/gy-DQA6Vqng\/s1600-h\/os+batuqueiros+F.JPG\"><img decoding=\"async\" alt=\"\" border=\"0\" id=\"BLOGGER_PHOTO_ID_5137893154662371426\" src=\"http:\/\/1.bp.blogspot.com\/_DSKVEvHtskc\/R012mjmP0GI\/AAAAAAAAA2E\/gy-DQA6Vqng\/s400\/os+batuqueiros+F.JPG\" style=\"cursor: hand; display: block; margin: 0px auto 10px; text-align: center;\" \/><\/a><\/div>\n<div align=\"center\"><\/div>\n<div align=\"center\">1-partido alto <\/div>\n<div align=\"center\">2-ninguem tasca (o gavi\u00e3o)<\/div>\n<div align=\"center\">3-regra tr\u00eas<\/div>\n<div align=\"center\">4-minhas raz\u00f5es<br \/>5-dose pra le\u00e3o<\/div>\n<div align=\"center\">6-festa para um rei negro (pega no ganze), tengo tengo<\/div>\n<div align=\"center\">7-guardei minha viola.<\/div>\n<div align=\"center\">8-al\u00f4 fevereiro<\/div>\n<div align=\"center\">9-esperan\u00e7as perdidas<\/div>\n<div align=\"center\">10-vai saudade<\/div>\n<div align=\"center\">11-n\u00f3 na cama \/ tia maria<\/div>\n<div align=\"center\">12-balan\u00e7a povo<\/div>\n<div align=\"center\"><\/div>\n<div align=\"center\"><\/div>\n<div align=\"center\"><\/div>\n<div align=\"center\"><\/div>\n<div align=\"center\"><\/div>\n","protected":false},"excerpt":{"rendered":"<p>1-partido alto 2-ninguem tasca (o gavi\u00e3o) 3-regra tr\u00eas 4-minhas raz\u00f5es5-dose pra le\u00e3o 6-festa para um rei negro (pega no ganze), tengo tengo 7-guardei minha viola. 8-al\u00f4 fevereiro 9-esperan\u00e7as perdidas 10-vai saudade 11-n\u00f3 na cama \/ tia maria 12-balan\u00e7a povo<\/p>\n","protected":false},"author":1,"featured_media":0,"comment_status":"open","ping_status":"closed","sticky":false,"template":"","format":"standard","meta":{"footnotes":""},"categories":[1821,277],"tags":[],"class_list":["post-1878","post","type-post","status-publish","format-standard","hentry","category-os-batuqueiros-e-as-mulatas","category-selo-rca-camden"],"_links":{"self":[{"href":"https:\/\/www.toque-musicall.com\/index.php?rest_route=\/wp\/v2\/posts\/1878","targetHints":{"allow":["GET"]}}],"collection":[{"href":"https:\/\/www.toque-musicall.com\/index.php?rest_route=\/wp\/v2\/posts"}],"about":[{"href":"https:\/\/www.toque-musicall.com\/index.php?rest_route=\/wp\/v2\/types\/post"}],"author":[{"embeddable":true,"href":"https:\/\/www.toque-musicall.com\/index.php?rest_route=\/wp\/v2\/users\/1"}],"replies":[{"embeddable":true,"href":"https:\/\/www.toque-musicall.com\/index.php?rest_route=%2Fwp%2Fv2%2Fcomments&post=1878"}],"version-history":[{"count":0,"href":"https:\/\/www.toque-musicall.com\/index.php?rest_route=\/wp\/v2\/posts\/1878\/revisions"}],"wp:attachment":[{"href":"https:\/\/www.toque-musicall.com\/index.php?rest_route=%2Fwp%2Fv2%2Fmedia&parent=1878"}],"wp:term":[{"taxonomy":"category","embeddable":true,"href":"https:\/\/www.toque-musicall.com\/index.php?rest_route=%2Fwp%2Fv2%2Fcategories&post=1878"},{"taxonomy":"post_tag","embeddable":true,"href":"https:\/\/www.toque-musicall.com\/index.php?rest_route=%2Fwp%2Fv2%2Ftags&post=1878"}],"curies":[{"name":"wp","href":"https:\/\/api.w.org\/{rel}","templated":true}]}}