{"id":188,"date":"2012-01-05T19:04:00","date_gmt":"2012-01-05T19:04:00","guid":{"rendered":"http:\/\/www.toque-musicall.com\/?p=188"},"modified":"2012-01-05T19:04:00","modified_gmt":"2012-01-05T19:04:00","slug":"cesar-mariano-cia-sao-paulo-brasil-1977","status":"publish","type":"post","link":"https:\/\/www.toque-musicall.com\/?p=188","title":{"rendered":"Cesar Mariano &#038; Cia. &#8211; S\u00e3o Paulo Brasil (1977)"},"content":{"rendered":"<p><img decoding=\"async\" src=\"http:\/\/3.bp.blogspot.com\/-Y6OXVjamKq8\/TwX3igDxojI\/AAAAAAAAAyc\/AFtVd04gvZ8\/s400\/cesar+P.JPG\" style=\"display:block; margin:0px auto 10px; text-align:center;cursor:pointer; cursor:hand;width: 400px; height: 399px;\" border=\"0\" alt=\"\" id=\"BLOGGER_PHOTO_ID_5694229475973243442\" \/><a href=\"http:\/\/3.bp.blogspot.com\/-MMinQj-EO9w\/TwmnyoWR0RI\/AAAAAAAAA0I\/qhd4H7A42QI\/s1600\/cesar+Bp.JPG\"><img decoding=\"async\" style=\"display:block; margin:0px auto 10px; text-align:center;cursor:pointer; cursor:hand;width: 400px; height: 346px;\" src=\"http:\/\/3.bp.blogspot.com\/-MMinQj-EO9w\/TwmnyoWR0RI\/AAAAAAAAA0I\/qhd4H7A42QI\/s400\/cesar+Bp.JPG\" border=\"0\" alt=\"\" id=\"BLOGGER_PHOTO_ID_5695267692052861202\" \/><\/a>Boa tarde, meus prezados amigos cultos e ocultos! Hoje, logo cedo, escutei uma m\u00fasica vinda de um dos apartamentos do pr\u00e9dio onde moro. Estava alto o som e eu s\u00f3 n\u00e3o fui l\u00e1 reclamar porque a m\u00fasica era boa, um instrumental que eu logo identifiquei. Era o Cesar Camargo Mariano. Pera\u00ed, pensei comigo, eu tenho esse disco! Achei at\u00e9 que j\u00e1 o tivesse postado no blog, mas verifiquei que n\u00e3o. Ta\u00ed uma boa hora para faz\u00ea-lo. \u00c9 um dos discos de m\u00fasica instrumental que eu mais gosto. \u00c9 ousado, competente e de alt\u00edssima qualidade. Para mim, se iguala ou supera aos melhores do &#8216;fusion&#8217; internacional. Quer dizer, &#8216;fusion&#8217; no sentido mais amplo do termo. Foi o segundo disco solo de Cesar Mariano, ou Cesar Camargo Mariano. Um trabalho inspirad\u00edssimo que projeta em nossas mentes as diversas facetas de Sampa. Uma homenagem e tanto! Mas este disco n\u00e3o seria o que \u00e9 se n\u00e3o tivesse o Cesar Camargo acompanhado pelas feras, Crispim Del Cistia, Natan Marques, Wilson Gomes e Eduardo Portes. Os caras juntos formam uma qu\u00edmica muito boa.<\/p>\n<div>O certo \u00e9 que eu fui procurar o lp na estante, onde esperava encontr\u00e1-lo. Qual o qu\u00ea&#8230; nada de ach\u00e1-lo. Verifiquei v\u00e1rias vezes toda a estante pensando que estivesse fora de ordem. Necas! Devo t\u00ea-lo perdido ou vendido, pois empr\u00e9stimo \u00e9 coisa que eu n\u00e3o fa\u00e7o, hehehe&#8230; S\u00f3 pra um ou dois amigos muito chegados, que tamb\u00e9m me emprestam seus discos \ud83d\ude42<\/div>\n<div>S\u00f3 de raiva, resolvi ent\u00e3o postar a vers\u00e3o cd, que por incr\u00edvel que pare\u00e7a est\u00e1 t\u00e3o boa quanto o vinil. Esta postagem foi mais por honra da firma do que propriamente pela necessidade manter acesa uma boa chama. \u00c9 bom ver estampado aqui no Toque Musical este disc\u00e3o \ud83d\ude09 Quem, por acaso n\u00e3o conhece, fa\u00e7a me o favor&#8230; vai logo conferir!<\/div>\n<div><\/div>\n<div style=\"text-align: center;\">metr\u00f3pole<\/div>\n<div style=\"text-align: center;\">esta\u00e7\u00e3o do norte<\/div>\n<div style=\"text-align: center;\">f\u00e1brica<\/div>\n<div style=\"text-align: center;\">polui\u00e7\u00e3o<\/div>\n<div style=\"text-align: center;\">imigrantes<\/div>\n<div style=\"text-align: center;\">metr\u00f4<\/div>\n<div style=\"text-align: center;\">litoral<\/div>\n<div style=\"text-align: center;\">futebol de bar<\/div>\n<div><\/div>\n<div><\/div>\n","protected":false},"excerpt":{"rendered":"<p>Boa tarde, meus prezados amigos cultos e ocultos! Hoje, logo cedo, escutei uma m\u00fasica vinda de um dos apartamentos do pr\u00e9dio onde moro. Estava alto o som e eu s\u00f3 n\u00e3o fui l\u00e1 reclamar porque a m\u00fasica era boa, um &hellip; <a href=\"https:\/\/www.toque-musicall.com\/?p=188\">Continue lendo <span class=\"meta-nav\">&rarr;<\/span><\/a><\/p>\n","protected":false},"author":1,"featured_media":0,"comment_status":"open","ping_status":"closed","sticky":false,"template":"","format":"standard","meta":{"footnotes":""},"categories":[342,18],"tags":[],"class_list":["post-188","post","type-post","status-publish","format-standard","hentry","category-cesar-camargo-mariano","category-selo-rca"],"_links":{"self":[{"href":"https:\/\/www.toque-musicall.com\/index.php?rest_route=\/wp\/v2\/posts\/188","targetHints":{"allow":["GET"]}}],"collection":[{"href":"https:\/\/www.toque-musicall.com\/index.php?rest_route=\/wp\/v2\/posts"}],"about":[{"href":"https:\/\/www.toque-musicall.com\/index.php?rest_route=\/wp\/v2\/types\/post"}],"author":[{"embeddable":true,"href":"https:\/\/www.toque-musicall.com\/index.php?rest_route=\/wp\/v2\/users\/1"}],"replies":[{"embeddable":true,"href":"https:\/\/www.toque-musicall.com\/index.php?rest_route=%2Fwp%2Fv2%2Fcomments&post=188"}],"version-history":[{"count":0,"href":"https:\/\/www.toque-musicall.com\/index.php?rest_route=\/wp\/v2\/posts\/188\/revisions"}],"wp:attachment":[{"href":"https:\/\/www.toque-musicall.com\/index.php?rest_route=%2Fwp%2Fv2%2Fmedia&parent=188"}],"wp:term":[{"taxonomy":"category","embeddable":true,"href":"https:\/\/www.toque-musicall.com\/index.php?rest_route=%2Fwp%2Fv2%2Fcategories&post=188"},{"taxonomy":"post_tag","embeddable":true,"href":"https:\/\/www.toque-musicall.com\/index.php?rest_route=%2Fwp%2Fv2%2Ftags&post=188"}],"curies":[{"name":"wp","href":"https:\/\/api.w.org\/{rel}","templated":true}]}}