{"id":1881,"date":"2007-11-27T09:26:00","date_gmt":"2007-11-27T09:26:00","guid":{"rendered":"http:\/\/www.toque-musicall.com\/?p=1881"},"modified":"2007-11-27T09:26:00","modified_gmt":"2007-11-27T09:26:00","slug":"manduka-1976","status":"publish","type":"post","link":"https:\/\/www.toque-musicall.com\/?p=1881","title":{"rendered":"Manduka (1976)"},"content":{"rendered":"<div align=\"center\"><a href=\"http:\/\/2.bp.blogspot.com\/_DSKVEvHtskc\/R0vmFTmP0DI\/AAAAAAAAA1s\/d45EQi0B6gQ\/s1600-h\/maduka.jpg\"><img decoding=\"async\" id=\"BLOGGER_PHOTO_ID_5137452778780610610\" style=\"DISPLAY: block; MARGIN: 0px auto 10px; CURSOR: hand; TEXT-ALIGN: center\" alt=\"\" src=\"http:\/\/2.bp.blogspot.com\/_DSKVEvHtskc\/R0vmFTmP0DI\/AAAAAAAAA1s\/d45EQi0B6gQ\/s400\/maduka.jpg\" border=\"0\" \/><\/a> <\/div>\n<div align=\"center\" style=\"text-align: left;\">Um \u00e1lbum que eu mesmo n\u00e3o conhecia. Me parece, foi gravado na Fran\u00e7a. <\/div>\n<div align=\"center\" style=\"text-align: left;\"><span style=\"font-family: arial; color: rgb(51, 51, 51); line-height: 19px; \"><span style=\"font-size: medium;\"><i>Nasceu irremediavelmente poeta. Aos quatro anos de idade, uma tia levava-o em passeio por Copacabana quando ele saltou de sua inoc\u00eancia e perguntou a queima roupa, para o terno espanto dela, se o mar ficava ali de noite, e como a resposta fosse afirmativa tornou a indagar &#8220;e fazendo o qu\u00ea, esperando o sol para se esquentar?&#8221;. Era assim Manduka, falecido na semana que passou, ainda na for\u00e7a e na inspira\u00e7\u00e3o de seus cinq\u00fcenta e tr\u00eas anos bem vividos, deixando inconsol\u00e1veis seu pai o poeta Thiago de Mello, de quem herdara a veia l\u00edrica e a alma de artista, e a m\u00e3e, a jornalista Pomona Politis, que lhe passou o ardente sangue grego. Manduka era carinhoso apelido de fam\u00edlia. Na verdade, chamava-se Manuel, em homenagem ao padrinho, o vate nacional Manuel Bandeira, \u00edntimo amigo de Thiago, que celebrizou o menino logo ao nascer com um poema em seu Mafu\u00e1 de Malungo. <\/i><\/span><\/span><\/div>\n<div align=\"center\"><\/div>\n<div align=\"center\">01.- Tenochtitlan<\/div>\n<div align=\"center\">02.- Emarema<\/div>\n<div align=\"center\">03.- O farol dos encontros<\/div>\n<div align=\"center\">04.- Calipso<\/div>\n<div align=\"center\">05.- Assis Valente<\/div>\n<div align=\"center\">06.- Man\u00e9 Garrincha<\/div>\n<div align=\"center\">07.- Jandira<\/div>\n<div align=\"center\"><\/div>\n<div align=\"center\"><\/div>\n<div align=\"center\"> <\/div>\n","protected":false},"excerpt":{"rendered":"<p>Um \u00e1lbum que eu mesmo n\u00e3o conhecia. Me parece, foi gravado na Fran\u00e7a. Nasceu irremediavelmente poeta. Aos quatro anos de idade, uma tia levava-o em passeio por Copacabana quando ele saltou de sua inoc\u00eancia e perguntou a queima roupa, para &hellip; <a href=\"https:\/\/www.toque-musicall.com\/?p=1881\">Continue lendo <span class=\"meta-nav\">&rarr;<\/span><\/a><\/p>\n","protected":false},"author":1,"featured_media":0,"comment_status":"open","ping_status":"closed","sticky":false,"template":"","format":"standard","meta":{"footnotes":""},"categories":[1351],"tags":[],"class_list":["post-1881","post","type-post","status-publish","format-standard","hentry","category-manduka"],"_links":{"self":[{"href":"https:\/\/www.toque-musicall.com\/index.php?rest_route=\/wp\/v2\/posts\/1881","targetHints":{"allow":["GET"]}}],"collection":[{"href":"https:\/\/www.toque-musicall.com\/index.php?rest_route=\/wp\/v2\/posts"}],"about":[{"href":"https:\/\/www.toque-musicall.com\/index.php?rest_route=\/wp\/v2\/types\/post"}],"author":[{"embeddable":true,"href":"https:\/\/www.toque-musicall.com\/index.php?rest_route=\/wp\/v2\/users\/1"}],"replies":[{"embeddable":true,"href":"https:\/\/www.toque-musicall.com\/index.php?rest_route=%2Fwp%2Fv2%2Fcomments&post=1881"}],"version-history":[{"count":0,"href":"https:\/\/www.toque-musicall.com\/index.php?rest_route=\/wp\/v2\/posts\/1881\/revisions"}],"wp:attachment":[{"href":"https:\/\/www.toque-musicall.com\/index.php?rest_route=%2Fwp%2Fv2%2Fmedia&parent=1881"}],"wp:term":[{"taxonomy":"category","embeddable":true,"href":"https:\/\/www.toque-musicall.com\/index.php?rest_route=%2Fwp%2Fv2%2Fcategories&post=1881"},{"taxonomy":"post_tag","embeddable":true,"href":"https:\/\/www.toque-musicall.com\/index.php?rest_route=%2Fwp%2Fv2%2Ftags&post=1881"}],"curies":[{"name":"wp","href":"https:\/\/api.w.org\/{rel}","templated":true}]}}