{"id":1891,"date":"2007-11-22T13:41:00","date_gmt":"2007-11-22T13:41:00","guid":{"rendered":"http:\/\/www.toque-musicall.com\/?p=1891"},"modified":"2007-11-22T13:41:00","modified_gmt":"2007-11-22T13:41:00","slug":"joao-donato-grupo-ao-vivo-no-palacio-das-artesbh-2007","status":"publish","type":"post","link":"https:\/\/www.toque-musicall.com\/?p=1891","title":{"rendered":"Jo\u00e3o Donato &#038; Grupo &#8211; Ao Vivo No Pal\u00e1cio Das Artes\/BH (2007)"},"content":{"rendered":"<p><a href=\"http:\/\/3.bp.blogspot.com\/_DSKVEvHtskc\/R0WRaDmPz3I\/AAAAAAAAA0M\/DXi6UieP85Q\/s1600-h\/Jo%C3%83%C2%A3o+Donato.JPG\"><img decoding=\"async\" id=\"BLOGGER_PHOTO_ID_5135670826914271090\" style=\"DISPLAY: block; MARGIN: 0px auto 10px; CURSOR: hand; TEXT-ALIGN: center\" alt=\"\" src=\"http:\/\/3.bp.blogspot.com\/_DSKVEvHtskc\/R0WRaDmPz3I\/AAAAAAAAA0M\/DXi6UieP85Q\/s400\/Jo%C3%A3o+Donato.JPG\" border=\"0\" \/><\/a>Esta \u00e9 uma postagem especial, exclusivamente para fans do jazz e de Jo\u00e3o Donato. No in\u00edcio deste m\u00eas, aconteceu em Belo Horizonte um projeto musical com v\u00e1rios shows gratuitos de grandes nomes da m\u00fasica brasileria, no Pal\u00e1cio das Artes. Como era de se esperar, os ingressos esgotaram em poucas horas. Fiquei sabendo dos eventos meio que em cima da hora, mas mesmo assim ainda deu tempo de dar uma chegada \u00e0 Bel\u00f4 e garantir pelo menos um dia de show. Consegui, por sorte, ver o Jo\u00e3o Donato. Pura maravilha! Se o cara j\u00e1 \u00e9 bom em disco, fica melhor ainda ao vivo. Ainda mais acompanhado de Luiz Alves, Robertinho Silva e Ricardo Pontes. Foi um show imperd\u00edvel, numa das melhores casas de espet\u00e1culos da cidade. Dei sorte mesmo, pois sentei-me ao lado de um rapaz, que com seu gravadorzinho DAT fez a festa, registrando de cabo a rabo todo o show. Como ele estava ao meu lado e eu vi tudo, n\u00e3o tive d\u00favida, pedi-lhe uma c\u00f3pia. Ontem recebi por e-mail o link da grava\u00e7\u00e3o. Embora n\u00e3o tenha sido um registro profissional ou apesar de ser uma grava\u00e7\u00e3o direta, valeu o trabalho. A qualidade do som n\u00e3o chega a ser uma maravilha, al\u00e9m dos eventuais ruidos captado pelo som direto, mas de todo, n\u00e3o ficou ruim. Me faz lembrar aqueles velhos discos de jazz gravados ao vivo em caf\u00e9s. Assim, depois de ouv\u00ed-lo, achei que merecia uma capinha, um formato tipo &#8216;bootleg&#8217; para ser apresentado aqui no Toque Musical. Espero que gostem, pelo menos do encarte (capa e contra-capa) que me tomou quase umas duas horas de cria\u00e7\u00e3o.<\/p>\n<div>  <\/p>\n<div align=\"center\"><\/div>\n<div align=\"center\"> <\/div>\n<div align=\"center\">1-Abertura<\/div>\n<div align=\"center\">2-Cala boca, menino<\/div>\n<div align=\"center\">3-Suco de maracuj\u00e1<\/div>\n<div align=\"center\">4-Black orchid<\/div>\n<div align=\"center\">5-Bananeira<\/div>\n<div align=\"center\">6-A paz<\/div>\n<div align=\"center\">7-Caf\u00e9 com p\u00e3o<\/div>\n<div align=\"center\">8-Emori\u00f4<\/div>\n<div align=\"center\">9-A r\u00e3<\/div>\n<div align=\"center\">10-Simples carinho<\/div>\n<div align=\"center\">11-Vento do canavial<\/div>\n<div align=\"center\">12-Cad\u00ea&#8230;<\/div>\n<div align=\"center\">13-Lugar comum<\/div>\n<div align=\"center\">14-Nasci para bailar<\/div>\n<div align=\"center\"><\/div>\n<div align=\"center\"><\/div>\n<div align=\"center\"><\/div>\n<\/div>\n","protected":false},"excerpt":{"rendered":"<p>Esta \u00e9 uma postagem especial, exclusivamente para fans do jazz e de Jo\u00e3o Donato. No in\u00edcio deste m\u00eas, aconteceu em Belo Horizonte um projeto musical com v\u00e1rios shows gratuitos de grandes nomes da m\u00fasica brasileria, no Pal\u00e1cio das Artes. Como &hellip; <a href=\"https:\/\/www.toque-musicall.com\/?p=1891\">Continue lendo <span class=\"meta-nav\">&rarr;<\/span><\/a><\/p>\n","protected":false},"author":1,"featured_media":0,"comment_status":"open","ping_status":"closed","sticky":false,"template":"","format":"standard","meta":{"footnotes":""},"categories":[1513],"tags":[],"class_list":["post-1891","post","type-post","status-publish","format-standard","hentry","category-joao-donato"],"_links":{"self":[{"href":"https:\/\/www.toque-musicall.com\/index.php?rest_route=\/wp\/v2\/posts\/1891","targetHints":{"allow":["GET"]}}],"collection":[{"href":"https:\/\/www.toque-musicall.com\/index.php?rest_route=\/wp\/v2\/posts"}],"about":[{"href":"https:\/\/www.toque-musicall.com\/index.php?rest_route=\/wp\/v2\/types\/post"}],"author":[{"embeddable":true,"href":"https:\/\/www.toque-musicall.com\/index.php?rest_route=\/wp\/v2\/users\/1"}],"replies":[{"embeddable":true,"href":"https:\/\/www.toque-musicall.com\/index.php?rest_route=%2Fwp%2Fv2%2Fcomments&post=1891"}],"version-history":[{"count":0,"href":"https:\/\/www.toque-musicall.com\/index.php?rest_route=\/wp\/v2\/posts\/1891\/revisions"}],"wp:attachment":[{"href":"https:\/\/www.toque-musicall.com\/index.php?rest_route=%2Fwp%2Fv2%2Fmedia&parent=1891"}],"wp:term":[{"taxonomy":"category","embeddable":true,"href":"https:\/\/www.toque-musicall.com\/index.php?rest_route=%2Fwp%2Fv2%2Fcategories&post=1891"},{"taxonomy":"post_tag","embeddable":true,"href":"https:\/\/www.toque-musicall.com\/index.php?rest_route=%2Fwp%2Fv2%2Ftags&post=1891"}],"curies":[{"name":"wp","href":"https:\/\/api.w.org\/{rel}","templated":true}]}}