{"id":1895,"date":"2007-11-19T09:48:00","date_gmt":"2007-11-19T09:48:00","guid":{"rendered":"http:\/\/www.toque-musicall.com\/?p=1895"},"modified":"2007-11-19T09:48:00","modified_gmt":"2007-11-19T09:48:00","slug":"cinco-so-5-so-1969","status":"publish","type":"post","link":"https:\/\/www.toque-musicall.com\/?p=1895","title":{"rendered":"Cinco S\u00f3 &#8211; 5 S\u00f3 (1969)"},"content":{"rendered":"<p><a href=\"http:\/\/2.bp.blogspot.com\/_DSKVEvHtskc\/R0FhCzmPzyI\/AAAAAAAAAzY\/KoFitnxR434\/s1600-h\/cinco+s%C3%83%C2%B3+-+Fim+de+festa.jpg\"><img decoding=\"async\" style=\"TEXT-ALIGN: center; MARGIN: 0px auto 10px; DISPLAY: block; CURSOR: hand\" id=\"BLOGGER_PHOTO_ID_5134491751017336610\" border=\"0\" alt=\"\" src=\"http:\/\/2.bp.blogspot.com\/_DSKVEvHtskc\/R0FhCzmPzyI\/AAAAAAAAAzY\/KoFitnxR434\/s400\/cinco+s%C3%B3+-+Fim+de+festa.jpg\" \/><\/a>Olhando r\u00e1pido para a capa deste disco tem-se a primeira impress\u00e3o que se trata de um \u00e1lbum de reggae. Digo isso principalmente pelas cores muito vivas. Mas \u00e0 medida em que observamos a turma e seus instrumentos, fica claro que o neg\u00f3cio aqui \u00e9 samba. Os &#8220;5 S\u00f3&#8221; foi um grupo fundado em 1968 por Wilson Moreira, Zuzuca do Salgueiro, Jair do Cavaquinho, Zito e Velha &#8211; todos com experi\u00eancia anteriores no universo do samba, com m\u00fasicas gravadas por grandes nomes da MPB. Este foi o \u00fanico disco do grupo. Com o mesmo nome, mas com mudan\u00e7a de componentes, chegaram a gravar outro disco pela CBS, no ano de 1971. Mais tarde, esses mesmos componentes formariam &#8220;A Turma do Ganz\u00e1&#8221;. Mas essa \u00e9 uma outra est\u00f3ria que fica para um pr\u00f3ximo momento.<\/p>\n<div align=\"center\">01 &#8211; Fim de Festa (Zuzuca) <\/div>\n<div align=\"center\">02 &#8211; Arrast\u00e3o de Sinh\u00e1 (Catoni &#8211; Pelado da Mangueira &#8211; Jorginho) <\/div>\n<div align=\"center\">03 &#8211; Lim\u00e3o Com Pinga (Jair do Cavaquinho &#8211; Ari Ara\u00fajo) <\/div>\n<div align=\"center\">04 &#8211; Falem mal mas falem de mim (Ded\u00e9 da Portela) <\/div>\n<div align=\"center\">05 &#8211; Mais um exemplo da Hist\u00f3ria (Walter Rosa) <\/div>\n<div align=\"center\">06 &#8211; O tempo passa (Ded\u00e9 da Portela) <\/div>\n<div align=\"center\">07 &#8211; Cara de Pau (Gracia do Salgueiro &#8211; Roberto Nunes) <\/div>\n<div align=\"center\">08 &#8211; Rouxinol (Marinheiro) <\/div>\n<div align=\"center\">09 &#8211; Os Cinco Bailes da Hist\u00f3ria do Rio (Silas de Oliveira &#8211; Dona Ivone Lara &#8211; Bacalhau) <\/div>\n<div align=\"center\">10 &#8211; \u00ca Bahia (Anescar do Salgueiro &#8211; Ivan Salvador) <\/div>\n<div align=\"center\">11 &#8211; Na casa de Jo\u00e3o Jan (Gracia do Salgueiro) <\/div>\n<div align=\"center\">12 &#8211; Samba crioulo que tem n\u00e3o (Pelado da Mangueira &#8211; Branco)<\/div>\n<div align=\"center\"> <\/div>\n<div align=\"center\"> <\/div>\n","protected":false},"excerpt":{"rendered":"<p>Olhando r\u00e1pido para a capa deste disco tem-se a primeira impress\u00e3o que se trata de um \u00e1lbum de reggae. Digo isso principalmente pelas cores muito vivas. Mas \u00e0 medida em que observamos a turma e seus instrumentos, fica claro que &hellip; <a href=\"https:\/\/www.toque-musicall.com\/?p=1895\">Continue lendo <span class=\"meta-nav\">&rarr;<\/span><\/a><\/p>\n","protected":false},"author":1,"featured_media":0,"comment_status":"open","ping_status":"closed","sticky":false,"template":"","format":"standard","meta":{"footnotes":""},"categories":[1369],"tags":[],"class_list":["post-1895","post","type-post","status-publish","format-standard","hentry","category-cinco-so"],"_links":{"self":[{"href":"https:\/\/www.toque-musicall.com\/index.php?rest_route=\/wp\/v2\/posts\/1895","targetHints":{"allow":["GET"]}}],"collection":[{"href":"https:\/\/www.toque-musicall.com\/index.php?rest_route=\/wp\/v2\/posts"}],"about":[{"href":"https:\/\/www.toque-musicall.com\/index.php?rest_route=\/wp\/v2\/types\/post"}],"author":[{"embeddable":true,"href":"https:\/\/www.toque-musicall.com\/index.php?rest_route=\/wp\/v2\/users\/1"}],"replies":[{"embeddable":true,"href":"https:\/\/www.toque-musicall.com\/index.php?rest_route=%2Fwp%2Fv2%2Fcomments&post=1895"}],"version-history":[{"count":0,"href":"https:\/\/www.toque-musicall.com\/index.php?rest_route=\/wp\/v2\/posts\/1895\/revisions"}],"wp:attachment":[{"href":"https:\/\/www.toque-musicall.com\/index.php?rest_route=%2Fwp%2Fv2%2Fmedia&parent=1895"}],"wp:term":[{"taxonomy":"category","embeddable":true,"href":"https:\/\/www.toque-musicall.com\/index.php?rest_route=%2Fwp%2Fv2%2Fcategories&post=1895"},{"taxonomy":"post_tag","embeddable":true,"href":"https:\/\/www.toque-musicall.com\/index.php?rest_route=%2Fwp%2Fv2%2Ftags&post=1895"}],"curies":[{"name":"wp","href":"https:\/\/api.w.org\/{rel}","templated":true}]}}