{"id":1897,"date":"2007-11-19T08:36:00","date_gmt":"2007-11-19T08:36:00","guid":{"rendered":"http:\/\/www.toque-musicall.com\/?p=1897"},"modified":"2007-11-19T08:36:00","modified_gmt":"2007-11-19T08:36:00","slug":"ely-camargo-canto-da-minha-gente-1974","status":"publish","type":"post","link":"https:\/\/www.toque-musicall.com\/?p=1897","title":{"rendered":"Ely Camargo &#8211; Canto Da Minha Gente (1974)"},"content":{"rendered":"<p><a href=\"http:\/\/2.bp.blogspot.com\/_DSKVEvHtskc\/R0FNtzmPzwI\/AAAAAAAAAzI\/Ky618Jbvf3I\/s1600-h\/elyfront.jpg\"><img decoding=\"async\" style=\"TEXT-ALIGN: center; MARGIN: 0px auto 10px; DISPLAY: block; CURSOR: hand\" id=\"BLOGGER_PHOTO_ID_5134470499519155970\" border=\"0\" alt=\"\" src=\"http:\/\/2.bp.blogspot.com\/_DSKVEvHtskc\/R0FNtzmPzwI\/AAAAAAAAAzI\/Ky618Jbvf3I\/s400\/elyfront.jpg\" \/><\/a> Ainda impregnado com a m\u00fasica folcl\u00f3rica latino-americana, inicio a semana com a Ely Camargo, pesquisadora e artista de Goias. Seu trabalho se extende atrav\u00e9s da m\u00fasica em shows, palestras, oficinas e videos que s\u00e3o mostrados principalmente na Europa. Mesmo com tantos anos de estrada, pesquisando a m\u00fasica folcl\u00f3rica brasileira, ela ainda hoje \u00e9 pouco conhecida. Neste disco ela trabalha com temas tradicionais e recolhidos nas regi\u00f5es Norte e Nordeste do Brasil. Um trabalho genuinamente brasileiro!<br \/>(Infelizmente os putos do DMCA est\u00e3o reclamando de direitos autorais deste disco. Fui proibido pelo Blogger de colocar um endere\u00e7o indicador para baixar o disco. Mas se eles acham que o bloqueio ao acesso a cultura se resolve desse jeito, est\u00e3o muito enganado. Agora, mais que nunca, fa\u00e7o quest\u00e3o de divulgar este \u00e1lbum e todo aquele que por desventura passar por essa situa\u00e7\u00e3o. Quem estiver interessado em ouvir este disco, basta me enviar um e-mail &#8211; <a href=\"mailto:toquelinkmusical@gmail.com\">toquelinkmusical@gmail.com<\/a>. Se n\u00e3o vai pelas vias normais, a gente usa as alternativas. Esse povo ainda n\u00e3o se deu conta de que estamos num caminho sem volta. Eles que procurem uma outra forma de ganhar dinheiro. Dizer que est\u00e3o defendendo o direito de cria\u00e7\u00e3o autoral \u00e9 uma grande hipocrisia, \u00e9 falso! Eles defendem seus pr\u00f3prios interesses, isso sim!)<\/p>\n<div><\/div>\n","protected":false},"excerpt":{"rendered":"<p>Ainda impregnado com a m\u00fasica folcl\u00f3rica latino-americana, inicio a semana com a Ely Camargo, pesquisadora e artista de Goias. Seu trabalho se extende atrav\u00e9s da m\u00fasica em shows, palestras, oficinas e videos que s\u00e3o mostrados principalmente na Europa. Mesmo com &hellip; <a href=\"https:\/\/www.toque-musicall.com\/?p=1897\">Continue lendo <span class=\"meta-nav\">&rarr;<\/span><\/a><\/p>\n","protected":false},"author":1,"featured_media":0,"comment_status":"open","ping_status":"closed","sticky":false,"template":"","format":"standard","meta":{"footnotes":""},"categories":[787],"tags":[],"class_list":["post-1897","post","type-post","status-publish","format-standard","hentry","category-ely-camargo"],"_links":{"self":[{"href":"https:\/\/www.toque-musicall.com\/index.php?rest_route=\/wp\/v2\/posts\/1897","targetHints":{"allow":["GET"]}}],"collection":[{"href":"https:\/\/www.toque-musicall.com\/index.php?rest_route=\/wp\/v2\/posts"}],"about":[{"href":"https:\/\/www.toque-musicall.com\/index.php?rest_route=\/wp\/v2\/types\/post"}],"author":[{"embeddable":true,"href":"https:\/\/www.toque-musicall.com\/index.php?rest_route=\/wp\/v2\/users\/1"}],"replies":[{"embeddable":true,"href":"https:\/\/www.toque-musicall.com\/index.php?rest_route=%2Fwp%2Fv2%2Fcomments&post=1897"}],"version-history":[{"count":0,"href":"https:\/\/www.toque-musicall.com\/index.php?rest_route=\/wp\/v2\/posts\/1897\/revisions"}],"wp:attachment":[{"href":"https:\/\/www.toque-musicall.com\/index.php?rest_route=%2Fwp%2Fv2%2Fmedia&parent=1897"}],"wp:term":[{"taxonomy":"category","embeddable":true,"href":"https:\/\/www.toque-musicall.com\/index.php?rest_route=%2Fwp%2Fv2%2Fcategories&post=1897"},{"taxonomy":"post_tag","embeddable":true,"href":"https:\/\/www.toque-musicall.com\/index.php?rest_route=%2Fwp%2Fv2%2Ftags&post=1897"}],"curies":[{"name":"wp","href":"https:\/\/api.w.org\/{rel}","templated":true}]}}