{"id":1899,"date":"2007-11-18T19:45:00","date_gmt":"2007-11-18T19:45:00","guid":{"rendered":"http:\/\/www.toque-musicall.com\/?p=1899"},"modified":"2007-11-18T19:45:00","modified_gmt":"2007-11-18T19:45:00","slug":"america-latina-canta-vol-2","status":"publish","type":"post","link":"https:\/\/www.toque-musicall.com\/?p=1899","title":{"rendered":"America Latina Canta Vol. 2"},"content":{"rendered":"<p><a href=\"http:\/\/2.bp.blogspot.com\/_DSKVEvHtskc\/R0CZADmPzuI\/AAAAAAAAAy4\/lY14voM0siI\/s1600-h\/america+latina.JPG\"><img decoding=\"async\" id=\"BLOGGER_PHOTO_ID_5134271801447141090\" style=\"DISPLAY: block; MARGIN: 0px auto 10px; CURSOR: hand; TEXT-ALIGN: center\" alt=\"\" src=\"http:\/\/2.bp.blogspot.com\/_DSKVEvHtskc\/R0CZADmPzuI\/AAAAAAAAAy4\/lY14voM0siI\/s400\/america+latina.JPG\" border=\"0\" \/><\/a>Minha intens\u00e3o era postar o volume 1 e 2 desta cole\u00e7\u00e3o super bancana. Por\u00e9m me lembrei que havia passado o vol. 1 pra frente. Mas como se trata de uma colet\u00e2nea especial com novas m\u00fasicas e artistas de Cuba, Argentina, Chile e Mexico &#8211; achei que seria importante este toque.<\/p>\n<div align=\"center\">1-Amparo Ochoa &#8211; a que le tiras cuando suenas mexicano<\/div>\n<div align=\"center\">2-Pablo Milan\u00e9s &#8211; pobre del cantor<\/div>\n<div align=\"center\">3-Quilla Huasi &#8211; cuanto trabajo<\/div>\n<div align=\"center\">4-Una Ramos &#8211; el condor pasa<\/div>\n<div align=\"center\">5-Huayra Puka- cancion por nicolas<\/div>\n<div align=\"center\">6-Daniel Viglietti &#8211; nuestra bandera<\/div>\n<div align=\"center\">7-Gabino Palomares &#8211; nicaragua<\/div>\n<div align=\"center\">8-Lucho Cavour Y Greda Mestiza &#8211; challa<\/div>\n<div align=\"center\">9-Silvio Rodriguez &#8211; el rey de las flores<\/div>\n<div align=\"center\">10-Antonio Pantoja &#8211; el chapaco<\/div>\n<div align=\"center\">11- Los Folkloristas &#8211; la renca<\/div>\n<div align=\"center\">12- Isabel, Angel Parra Y Daniel Viglietti &#8211; cancion para mi america<\/div>\n<div align=\"center\"><\/div>\n<div align=\"center\"><\/div>\n<div align=\"center\"> <\/div>\n","protected":false},"excerpt":{"rendered":"<p>Minha intens\u00e3o era postar o volume 1 e 2 desta cole\u00e7\u00e3o super bancana. Por\u00e9m me lembrei que havia passado o vol. 1 pra frente. Mas como se trata de uma colet\u00e2nea especial com novas m\u00fasicas e artistas de Cuba, Argentina, &hellip; <a href=\"https:\/\/www.toque-musicall.com\/?p=1899\">Continue lendo <span class=\"meta-nav\">&rarr;<\/span><\/a><\/p>\n","protected":false},"author":1,"featured_media":0,"comment_status":"open","ping_status":"closed","sticky":false,"template":"","format":"standard","meta":{"footnotes":""},"categories":[1830,1303],"tags":[],"class_list":["post-1899","post","type-post","status-publish","format-standard","hentry","category-america-latina-canta","category-variados"],"_links":{"self":[{"href":"https:\/\/www.toque-musicall.com\/index.php?rest_route=\/wp\/v2\/posts\/1899","targetHints":{"allow":["GET"]}}],"collection":[{"href":"https:\/\/www.toque-musicall.com\/index.php?rest_route=\/wp\/v2\/posts"}],"about":[{"href":"https:\/\/www.toque-musicall.com\/index.php?rest_route=\/wp\/v2\/types\/post"}],"author":[{"embeddable":true,"href":"https:\/\/www.toque-musicall.com\/index.php?rest_route=\/wp\/v2\/users\/1"}],"replies":[{"embeddable":true,"href":"https:\/\/www.toque-musicall.com\/index.php?rest_route=%2Fwp%2Fv2%2Fcomments&post=1899"}],"version-history":[{"count":0,"href":"https:\/\/www.toque-musicall.com\/index.php?rest_route=\/wp\/v2\/posts\/1899\/revisions"}],"wp:attachment":[{"href":"https:\/\/www.toque-musicall.com\/index.php?rest_route=%2Fwp%2Fv2%2Fmedia&parent=1899"}],"wp:term":[{"taxonomy":"category","embeddable":true,"href":"https:\/\/www.toque-musicall.com\/index.php?rest_route=%2Fwp%2Fv2%2Fcategories&post=1899"},{"taxonomy":"post_tag","embeddable":true,"href":"https:\/\/www.toque-musicall.com\/index.php?rest_route=%2Fwp%2Fv2%2Ftags&post=1899"}],"curies":[{"name":"wp","href":"https:\/\/api.w.org\/{rel}","templated":true}]}}