{"id":190,"date":"2012-01-04T10:30:00","date_gmt":"2012-01-04T10:30:00","guid":{"rendered":"http:\/\/www.toque-musicall.com\/?p=190"},"modified":"2012-01-04T10:30:00","modified_gmt":"2012-01-04T10:30:00","slug":"capitao-aza-e-martinha-compacto-1970","status":"publish","type":"post","link":"https:\/\/www.toque-musicall.com\/?p=190","title":{"rendered":"Capit\u00e3o Aza E Martinha &#8211; Compacto (1970)"},"content":{"rendered":"<p><a href=\"http:\/\/1.bp.blogspot.com\/-R-poSxLxS-4\/TwQsWhNcSfI\/AAAAAAAAAyE\/gNjwvkk6Gng\/s1600\/P.JPG\"><img decoding=\"async\" style=\"display:block; margin:0px auto 10px; text-align:center;cursor:pointer; cursor:hand;width: 400px; height: 397px;\" src=\"http:\/\/1.bp.blogspot.com\/-R-poSxLxS-4\/TwQsWhNcSfI\/AAAAAAAAAyE\/gNjwvkk6Gng\/s400\/P.JPG\" border=\"0\" alt=\"\" id=\"BLOGGER_PHOTO_ID_5693724594286643698\" \/><\/a>Bom dia, amigos cultos e ocultos! Tem \u00e9pocas em que eu esque\u00e7o a m\u00e1xima deste blog, que \u00e9 &#8216;ouvir com outros olhos&#8217;. Criei o Toque Musical no intuito n\u00e3o s\u00f3 de mostrar raridades da m\u00fasica brasileria, como tamb\u00e9m tudo aquilo relacionado \u00e0 \u00e1udiotapes, fonogramas e curiosidades desse nosso universo sonoro. \u00c9 certo que eu tenho muito mais discos de m\u00fasica do que propriamente essas tais curiosidades, mas \u00e9 sempre bom lembrar, at\u00e9 porque eu quero mais \u00e9 que apare\u00e7am essas grava\u00e7\u00f5es por aqui. Adoro receber aquelas &#8216;sobras de est\u00fadio&#8217;, de grava\u00e7\u00f5es caseiras, &#8216;bootlegs&#8217;, fitas K-7, demos e etc&#8230; Quem tiver a\u00ed algo que considere relevante, n\u00e3o se acanhe, envie aqui para o nosso TM, ok?<\/p>\n<div>Hoje eu farei da seguinte maneira, vou iniciar postando um compacto. Se ao longo do dia eu tiver tempo, irei postando outros. Separei aqui alguns disquinhos que me d\u00e3o uma saudade danada, coisas que fizeram parte da minha inf\u00e2ncia ou serviram de trilha para muitos momentos bons da minha vida. Come\u00e7o com este do Capit\u00e3o Aza. Coisa mais curiosa, l\u00e1 em casa tinha este disquinho, o qual eu, meus primos e amigos custum\u00e1vamos a ouvir. A gente conhecia o tal Capit\u00e3o Aza apenas pelo disco, s\u00f3 bem mais tarde \u00e9 que viemos a saber que aquilo era parte de um seriado de televis\u00e3o, que por acaso, n\u00e3o era transmitido na minha cidade. Mesmo assim a gente gostava de fantasiar e cantar o &#8220;ABC&#8221; e &#8220;Sideral&#8221;, as duas m\u00fasicas do disco. Aquilo era legal. Acho que eu s\u00f3 vim mesmo a assistir o programa l\u00e1 por volta de 74, quando ent\u00e3o j\u00e1 era colorido. <\/div>\n<div>&#8220;Capit\u00e3o Aza&#8221; foi um programa infantil, surgido nos anos 60, no auge da ditadura. O nome era uma homenagem \u00e0 um antigo aviador brasileiro, her\u00f3i da FAB, que lutou na Segunda Guerra Mundial, o capit\u00e3o aviador Adalberto Azambuja, conhecido com &#8220;Aza&#8221;, entre seus colegas. Quem encarnava o personagem era o ator (e policial civil) Wilson Viana. No programa eram apresentados aqueles desenhos que hoje s\u00e3o verdadeiros cl\u00e1ssicos, mas havia tamb\u00e9m uma preocupa\u00e7\u00e3o por parte dos produtores em trazer naquele divertimento um conceito de forma\u00e7\u00e3o moral \u00e0s crian\u00e7as, tendenciosamente militar. O programa durou mais de uma d\u00e9cada, sempre fazendo muito sucesso e cheio de atra\u00e7\u00f5es.<\/div>\n<div>Este compacto, creio eu, j\u00e1 era da segunda fase, anos 70, talvez 1970, quando ent\u00e3o o Capit\u00e3o Aza tem como assitente mirim a garotinha loira chamada Martinha. N\u00e3o sei bem ao certo, mas existem outros discos, at\u00e9 lps do CA. Neste diquinho, a produ\u00e7\u00e3o \u00e9 de Durval Ferreira, que tamb\u00e9m \u00e9 co-autor das duas m\u00fasicas. &#8220;Sideral&#8221; \u00e9 uma parceiria com Tib\u00e9rio Gaspar.<\/div>\n<div>Estou vendo aqui na rede que este compacto se tornou objeto de desejo de muitos f\u00e3s. Tem gente pagando bem para t\u00ea-lo nas m\u00e3os. Acho que vou anunciar o meu no Mercado Livre, quem sabe&#8230; Ali\u00e1s, estou mesmo para fazer isso, juntar um monte de discos raros e coloc\u00e1-los \u00e0 venda. Quem gosta, fique ligado. Mais do que dinheiro, o que anda me faltando \u00e9 espa\u00e7o. Dizem que tudo aquilo que a gente guarda sem usar por mais de um ano \u00e9 porque j\u00e1 n\u00e3o nos faz falta. T\u00f4 precisando entrar esse ano naquela do, DESAPEGA!!!<\/div>\n<div><\/div>\n<div style=\"text-align: center;\">abc<\/div>\n<div style=\"text-align: center;\">sideral<\/div>\n<div style=\"text-align: center;\"><\/div>\n<div style=\"text-align: center;\"><\/div>\n","protected":false},"excerpt":{"rendered":"<p>Bom dia, amigos cultos e ocultos! Tem \u00e9pocas em que eu esque\u00e7o a m\u00e1xima deste blog, que \u00e9 &#8216;ouvir com outros olhos&#8217;. Criei o Toque Musical no intuito n\u00e3o s\u00f3 de mostrar raridades da m\u00fasica brasileria, como tamb\u00e9m tudo aquilo &hellip; <a href=\"https:\/\/www.toque-musicall.com\/?p=190\">Continue lendo <span class=\"meta-nav\">&rarr;<\/span><\/a><\/p>\n","protected":false},"author":1,"featured_media":0,"comment_status":"open","ping_status":"closed","sticky":false,"template":"","format":"standard","meta":{"footnotes":""},"categories":[348,148,345,347,346],"tags":[],"class_list":["post-190","post","type-post","status-publish","format-standard","hentry","category-capitao-aza","category-coletanea-compactos-do-toque-musical","category-selo-cid","category-tiberio-gaspar","category-trilhas"],"_links":{"self":[{"href":"https:\/\/www.toque-musicall.com\/index.php?rest_route=\/wp\/v2\/posts\/190","targetHints":{"allow":["GET"]}}],"collection":[{"href":"https:\/\/www.toque-musicall.com\/index.php?rest_route=\/wp\/v2\/posts"}],"about":[{"href":"https:\/\/www.toque-musicall.com\/index.php?rest_route=\/wp\/v2\/types\/post"}],"author":[{"embeddable":true,"href":"https:\/\/www.toque-musicall.com\/index.php?rest_route=\/wp\/v2\/users\/1"}],"replies":[{"embeddable":true,"href":"https:\/\/www.toque-musicall.com\/index.php?rest_route=%2Fwp%2Fv2%2Fcomments&post=190"}],"version-history":[{"count":0,"href":"https:\/\/www.toque-musicall.com\/index.php?rest_route=\/wp\/v2\/posts\/190\/revisions"}],"wp:attachment":[{"href":"https:\/\/www.toque-musicall.com\/index.php?rest_route=%2Fwp%2Fv2%2Fmedia&parent=190"}],"wp:term":[{"taxonomy":"category","embeddable":true,"href":"https:\/\/www.toque-musicall.com\/index.php?rest_route=%2Fwp%2Fv2%2Fcategories&post=190"},{"taxonomy":"post_tag","embeddable":true,"href":"https:\/\/www.toque-musicall.com\/index.php?rest_route=%2Fwp%2Fv2%2Ftags&post=190"}],"curies":[{"name":"wp","href":"https:\/\/api.w.org\/{rel}","templated":true}]}}