{"id":1900,"date":"2007-11-18T19:01:00","date_gmt":"2007-11-18T19:01:00","guid":{"rendered":"http:\/\/www.toque-musicall.com\/?p=1900"},"modified":"2007-11-18T19:01:00","modified_gmt":"2007-11-18T19:01:00","slug":"manduka-brasil-1500-1972","status":"publish","type":"post","link":"https:\/\/www.toque-musicall.com\/?p=1900","title":{"rendered":"Manduka &#8211; Brasil 1500 (1972)"},"content":{"rendered":"<p><a href=\"http:\/\/2.bp.blogspot.com\/_DSKVEvHtskc\/R0vglTmP0CI\/AAAAAAAAA1k\/1HbP-c5ILfY\/s1600-h\/manduka72.jpg\"><img decoding=\"async\" id=\"BLOGGER_PHOTO_ID_5137446731466657826\" style=\"DISPLAY: block; MARGIN: 0px auto 10px; CURSOR: hand; TEXT-ALIGN: center\" alt=\"\" src=\"http:\/\/2.bp.blogspot.com\/_DSKVEvHtskc\/R0vglTmP0CI\/AAAAAAAAA1k\/1HbP-c5ILfY\/s400\/manduka72.jpg\" border=\"0\" \/><\/a> Chegamos a fim de nossa jornada musical atrav\u00e9s da m\u00fasica latino-americana. Havia dito, logo ao iniciar essas postagens, que pretendia apresentar os latinos e tamb\u00e9m artistas de l\u00edngua portuguesa. Confesso que fiquei t\u00e3o envolvido com a &#8216;nueva canci\u00f3n&#8217; que acabei me esquecendo dos portugueses. Mas em breve voltarei dando enfanse a esses artistas. Finalizando a semana, vamos com o Manduka. Talento precoce, aos 18 anos j\u00e1 fazia parceria com Geraldo Vandr\u00e9 no Chile. Tamb\u00e9m teve parceiros chilenos como Los Jaivas. Correu de cabo a rabo essa Am\u00e9rica Latina, mostrando sua arte. Filho (de peixe) do poeta Thiago de Mello e afilhado de Manoel Bandeira, o cara tinha tudo para ser genial, e foi! Paralelo a m\u00fasica, tinha nas artes pl\u00e1sticas sua outra paix\u00e3o. Morreu em 2004 aos 52 anos&#8230; Este disco foi seu primeiro \u00e1lbum, gravado no Chile.<\/p>\n<div align=\"center\"><\/div>\n<div align=\"center\">01. Brasil 1500<\/div>\n<div align=\"center\">02. Entra Y Sale<\/div>\n<div align=\"center\">03. Naranjita<\/div>\n<div align=\"center\">04. De La Tierra<\/div>\n<div align=\"center\">05. Patria Amada Idolatrada Salve Salve<\/div>\n<div align=\"center\">06. Oiticumana<\/div>\n<div align=\"center\">07. De Un Extranjero<\/div>\n<div align=\"center\">08. Qu\u00e9 Dir\u00e1 El Santo Padre<\/div>\n<div align=\"center\"><\/div>\n<div align=\"center\"><\/div>\n","protected":false},"excerpt":{"rendered":"<p>Chegamos a fim de nossa jornada musical atrav\u00e9s da m\u00fasica latino-americana. Havia dito, logo ao iniciar essas postagens, que pretendia apresentar os latinos e tamb\u00e9m artistas de l\u00edngua portuguesa. Confesso que fiquei t\u00e3o envolvido com a &#8216;nueva canci\u00f3n&#8217; que acabei &hellip; <a href=\"https:\/\/www.toque-musicall.com\/?p=1900\">Continue lendo <span class=\"meta-nav\">&rarr;<\/span><\/a><\/p>\n","protected":false},"author":1,"featured_media":0,"comment_status":"open","ping_status":"closed","sticky":false,"template":"","format":"standard","meta":{"footnotes":""},"categories":[1351],"tags":[],"class_list":["post-1900","post","type-post","status-publish","format-standard","hentry","category-manduka"],"_links":{"self":[{"href":"https:\/\/www.toque-musicall.com\/index.php?rest_route=\/wp\/v2\/posts\/1900","targetHints":{"allow":["GET"]}}],"collection":[{"href":"https:\/\/www.toque-musicall.com\/index.php?rest_route=\/wp\/v2\/posts"}],"about":[{"href":"https:\/\/www.toque-musicall.com\/index.php?rest_route=\/wp\/v2\/types\/post"}],"author":[{"embeddable":true,"href":"https:\/\/www.toque-musicall.com\/index.php?rest_route=\/wp\/v2\/users\/1"}],"replies":[{"embeddable":true,"href":"https:\/\/www.toque-musicall.com\/index.php?rest_route=%2Fwp%2Fv2%2Fcomments&post=1900"}],"version-history":[{"count":0,"href":"https:\/\/www.toque-musicall.com\/index.php?rest_route=\/wp\/v2\/posts\/1900\/revisions"}],"wp:attachment":[{"href":"https:\/\/www.toque-musicall.com\/index.php?rest_route=%2Fwp%2Fv2%2Fmedia&parent=1900"}],"wp:term":[{"taxonomy":"category","embeddable":true,"href":"https:\/\/www.toque-musicall.com\/index.php?rest_route=%2Fwp%2Fv2%2Fcategories&post=1900"},{"taxonomy":"post_tag","embeddable":true,"href":"https:\/\/www.toque-musicall.com\/index.php?rest_route=%2Fwp%2Fv2%2Ftags&post=1900"}],"curies":[{"name":"wp","href":"https:\/\/api.w.org\/{rel}","templated":true}]}}