{"id":1902,"date":"2007-11-17T09:30:00","date_gmt":"2007-11-17T09:30:00","guid":{"rendered":"http:\/\/www.toque-musicall.com\/?p=1902"},"modified":"2007-11-17T09:30:00","modified_gmt":"2007-11-17T09:30:00","slug":"tito-fernandez-al-amor-1972","status":"publish","type":"post","link":"https:\/\/www.toque-musicall.com\/?p=1902","title":{"rendered":"Tito Fern\u00e1ndez &#8211; Al Amor (1972)"},"content":{"rendered":"<p><a href=\"http:\/\/1.bp.blogspot.com\/_DSKVEvHtskc\/Rz62BTmPzpI\/AAAAAAAAAyQ\/ZziQmOPJczA\/s1600-h\/Tito+Fern%C3%83%C2%A1ndez.jpg\"><img decoding=\"async\" id=\"BLOGGER_PHOTO_ID_5133740758805761682\" style=\"DISPLAY: block; MARGIN: 0px auto 10px; CURSOR: hand; TEXT-ALIGN: center\" alt=\"\" src=\"http:\/\/1.bp.blogspot.com\/_DSKVEvHtskc\/Rz62BTmPzpI\/AAAAAAAAAyQ\/ZziQmOPJczA\/s400\/Tito+Fern%C3%A1ndez.jpg\" border=\"0\" \/><\/a>Antes que cheguemos ao fim destas duas semanas de puro prazer &#8211; ouvindo can\u00e7\u00f5es e \u00e1lbuns que se eternizaram nas vozes e na arte musical desses fabulosos artistas latino-americanos &#8211; eu gostaria de trazer mais um grande nome do canto e poesia chilena. Falo de Tito Fern\u00e1ndez, &#8220;El Temucano&#8221;, em seu terceiro lp. Sua poesia \u00e9 de rara beleza, exaltando o amor de forma singela, num canto onde s\u00f3 cabe sua voz e o viol\u00e3o. Muito lindo!<\/p>\n<div align=\"center\">01 &#8211; El amor y las palomas<\/div>\n<div align=\"center\">02 &#8211; El mar\u00edo de la Juana<\/div>\n<div align=\"center\">03 &#8211; Mi hijo<\/div>\n<div align=\"center\">04 &#8211; Hombre, angustia y siglo XX<\/div>\n<div align=\"center\">05 &#8211; \u00bfAd\u00f3nde vas?<\/div>\n<div align=\"center\">06 &#8211; El \u00e1rbol<\/div>\n<div align=\"center\">07 &#8211; \u00bfC\u00f3mo llorar al abuelo?<\/div>\n<div align=\"center\">08 &#8211; El vendedor de diarios<\/div>\n<div align=\"center\">09 &#8211; Cantor de caminos<\/div>\n<div align=\"center\">10 &#8211; La ma\u00f1ana<\/div>\n<div align=\"center\">11 &#8211; El padre<\/div>\n<div align=\"center\"><\/div>\n<div align=\"center\"><\/div>\n","protected":false},"excerpt":{"rendered":"<p>Antes que cheguemos ao fim destas duas semanas de puro prazer &#8211; ouvindo can\u00e7\u00f5es e \u00e1lbuns que se eternizaram nas vozes e na arte musical desses fabulosos artistas latino-americanos &#8211; eu gostaria de trazer mais um grande nome do canto &hellip; <a href=\"https:\/\/www.toque-musicall.com\/?p=1902\">Continue lendo <span class=\"meta-nav\">&rarr;<\/span><\/a><\/p>\n","protected":false},"author":1,"featured_media":0,"comment_status":"open","ping_status":"closed","sticky":false,"template":"","format":"standard","meta":{"footnotes":""},"categories":[1831],"tags":[],"class_list":["post-1902","post","type-post","status-publish","format-standard","hentry","category-tito-fernandez"],"_links":{"self":[{"href":"https:\/\/www.toque-musicall.com\/index.php?rest_route=\/wp\/v2\/posts\/1902","targetHints":{"allow":["GET"]}}],"collection":[{"href":"https:\/\/www.toque-musicall.com\/index.php?rest_route=\/wp\/v2\/posts"}],"about":[{"href":"https:\/\/www.toque-musicall.com\/index.php?rest_route=\/wp\/v2\/types\/post"}],"author":[{"embeddable":true,"href":"https:\/\/www.toque-musicall.com\/index.php?rest_route=\/wp\/v2\/users\/1"}],"replies":[{"embeddable":true,"href":"https:\/\/www.toque-musicall.com\/index.php?rest_route=%2Fwp%2Fv2%2Fcomments&post=1902"}],"version-history":[{"count":0,"href":"https:\/\/www.toque-musicall.com\/index.php?rest_route=\/wp\/v2\/posts\/1902\/revisions"}],"wp:attachment":[{"href":"https:\/\/www.toque-musicall.com\/index.php?rest_route=%2Fwp%2Fv2%2Fmedia&parent=1902"}],"wp:term":[{"taxonomy":"category","embeddable":true,"href":"https:\/\/www.toque-musicall.com\/index.php?rest_route=%2Fwp%2Fv2%2Fcategories&post=1902"},{"taxonomy":"post_tag","embeddable":true,"href":"https:\/\/www.toque-musicall.com\/index.php?rest_route=%2Fwp%2Fv2%2Ftags&post=1902"}],"curies":[{"name":"wp","href":"https:\/\/api.w.org\/{rel}","templated":true}]}}