{"id":1903,"date":"2007-11-17T09:29:00","date_gmt":"2007-11-17T09:29:00","guid":{"rendered":"http:\/\/www.toque-musicall.com\/?p=1903"},"modified":"2007-11-17T09:29:00","modified_gmt":"2007-11-17T09:29:00","slug":"america-do-sol-vol-2-1979","status":"publish","type":"post","link":"https:\/\/www.toque-musicall.com\/?p=1903","title":{"rendered":"Am\u00e9rica Do Sol &#8211; Vol.2 (1979)"},"content":{"rendered":"<p><a href=\"http:\/\/4.bp.blogspot.com\/_DSKVEvHtskc\/Rz9eOzmPzrI\/AAAAAAAAAyg\/Dd0ycLLyOlg\/s1600-h\/america.JPG\"><img decoding=\"async\" id=\"BLOGGER_PHOTO_ID_5133925708687462066\" style=\"DISPLAY: block; MARGIN: 0px auto 10px; CURSOR: hand; TEXT-ALIGN: center\" alt=\"\" src=\"http:\/\/4.bp.blogspot.com\/_DSKVEvHtskc\/Rz9eOzmPzrI\/AAAAAAAAAyg\/Dd0ycLLyOlg\/s400\/america.JPG\" border=\"0\" \/><\/a>Dando seguimento \u00e0 postagem anterior do selo Band, vamos agora para o segundo volume. Depois do sucesso do volume um, no ano seguinte foram lan\u00e7adas novas colet\u00e2nes por este selo criado em virtude da programa\u00e7\u00e3o da r\u00e1dio do grupo Bandeirantes de SP. Havia nesta \u00e9poca um programa de muito sucesso na r\u00e1dio Band FM dedicado \u00e0 m\u00fasica latino americana. Foi um dos primeiros programas a divulgar intensamente este tipo de m\u00fasica. A sele\u00e7\u00e3o de artistas \u00e9 a dos mais expressivos &#8211; nomes que fizem hist\u00f3ria e s\u00e3o conhecidos internacionalmente. Vale a pena ouvir esse toque&#8230;<\/p>\n<div align=\"center\">1-huahuallau huahua &#8211; Los Incas<\/div>\n<div align=\"center\">2-pequena serenata diurna &#8211; Silvio Rodriguez<\/div>\n<div align=\"center\">3-el humahuaqueno &#8211; Raymond Thevenot<\/div>\n<div align=\"center\">4-balderrama &#8211; Mercedes Sosa<\/div>\n<div align=\"center\">5-fiesta del senor &#8211; Los Runas<\/div>\n<div align=\"center\">6-vamos mujer &#8211; Quilapayun<\/div>\n<div align=\"center\">7-mi raza &#8211; Grupo Aymara<\/div>\n<div align=\"center\">8-la vina nueva &#8211; Buenos Aires 8<\/div>\n<div align=\"center\">9-campesina &#8211; Plabo Milan\u00e9s<\/div>\n<div align=\"center\">10-chaquinan &#8211; Lucho Cavour Y Greda Mestiza<\/div>\n<div align=\"center\">11- la flor de la canela &#8211; Chabuca Granda Y Oscar Aviles<\/div>\n<div align=\"center\">12-a desalambrar &#8211; Daniel Viglietti<\/div>\n<div align=\"center\"><\/div>\n<div align=\"center\"><\/div>\n<div align=\"center\"> <\/div>\n","protected":false},"excerpt":{"rendered":"<p>Dando seguimento \u00e0 postagem anterior do selo Band, vamos agora para o segundo volume. Depois do sucesso do volume um, no ano seguinte foram lan\u00e7adas novas colet\u00e2nes por este selo criado em virtude da programa\u00e7\u00e3o da r\u00e1dio do grupo Bandeirantes &hellip; <a href=\"https:\/\/www.toque-musicall.com\/?p=1903\">Continue lendo <span class=\"meta-nav\">&rarr;<\/span><\/a><\/p>\n","protected":false},"author":1,"featured_media":0,"comment_status":"open","ping_status":"closed","sticky":false,"template":"","format":"standard","meta":{"footnotes":""},"categories":[1832,1303],"tags":[],"class_list":["post-1903","post","type-post","status-publish","format-standard","hentry","category-america-do-sol","category-variados"],"_links":{"self":[{"href":"https:\/\/www.toque-musicall.com\/index.php?rest_route=\/wp\/v2\/posts\/1903","targetHints":{"allow":["GET"]}}],"collection":[{"href":"https:\/\/www.toque-musicall.com\/index.php?rest_route=\/wp\/v2\/posts"}],"about":[{"href":"https:\/\/www.toque-musicall.com\/index.php?rest_route=\/wp\/v2\/types\/post"}],"author":[{"embeddable":true,"href":"https:\/\/www.toque-musicall.com\/index.php?rest_route=\/wp\/v2\/users\/1"}],"replies":[{"embeddable":true,"href":"https:\/\/www.toque-musicall.com\/index.php?rest_route=%2Fwp%2Fv2%2Fcomments&post=1903"}],"version-history":[{"count":0,"href":"https:\/\/www.toque-musicall.com\/index.php?rest_route=\/wp\/v2\/posts\/1903\/revisions"}],"wp:attachment":[{"href":"https:\/\/www.toque-musicall.com\/index.php?rest_route=%2Fwp%2Fv2%2Fmedia&parent=1903"}],"wp:term":[{"taxonomy":"category","embeddable":true,"href":"https:\/\/www.toque-musicall.com\/index.php?rest_route=%2Fwp%2Fv2%2Fcategories&post=1903"},{"taxonomy":"post_tag","embeddable":true,"href":"https:\/\/www.toque-musicall.com\/index.php?rest_route=%2Fwp%2Fv2%2Ftags&post=1903"}],"curies":[{"name":"wp","href":"https:\/\/api.w.org\/{rel}","templated":true}]}}