{"id":1904,"date":"2007-11-16T20:29:00","date_gmt":"2007-11-16T20:29:00","guid":{"rendered":"http:\/\/www.toque-musicall.com\/?p=1904"},"modified":"2007-11-16T20:29:00","modified_gmt":"2007-11-16T20:29:00","slug":"america-do-sol-1978","status":"publish","type":"post","link":"https:\/\/www.toque-musicall.com\/?p=1904","title":{"rendered":"America do Sol (1978)"},"content":{"rendered":"<p><a href=\"http:\/\/1.bp.blogspot.com\/_DSKVEvHtskc\/Rz9SPDmPzqI\/AAAAAAAAAyY\/ngzJPWF9DlQ\/s1600-h\/america+do+sol+p.JPG\"><img decoding=\"async\" id=\"BLOGGER_PHOTO_ID_5133912518842896034\" style=\"DISPLAY: block; MARGIN: 0px auto 10px; CURSOR: hand; TEXT-ALIGN: center\" alt=\"\" src=\"http:\/\/1.bp.blogspot.com\/_DSKVEvHtskc\/Rz9SPDmPzqI\/AAAAAAAAAyY\/ngzJPWF9DlQ\/s400\/america+do+sol+p.JPG\" border=\"0\" \/><\/a>Mais uma super colet\u00e2nea da m\u00fasica tradicional latino-americana. Este \u00e1lbum foi editado pelo selo Band Discos, um dos poucos que se dedicou a divulga\u00e7\u00e3o da m\u00fasica folcl\u00f3rica sulamericana nos anos 70 e 80 no Brasil. Muitos desses artistas, durante o (nosso) regime militar, nunca foram ouvidos no pa\u00eds. Foi atrav\u00e9s de iniciativas como esta que passamos a conhecer melhor o que foi o movimento latino-americano da &#8220;nueva canci\u00f3n&#8221;. Vamos a mais um toque?<\/p>\n<div align=\"center\">1-alfonsina y el mar &#8211; Mercedes Sosa<\/div>\n<div align=\"center\">2-la batea &#8211; Quilapayun<\/div>\n<div align=\"center\">3-los ejes de mi carreta &#8211; Atahualpa Yupanqui<\/div>\n<div align=\"center\">4-despedida del pueblo -Illapu<\/div>\n<div align=\"center\">5-polo margariteno &#8211; Soledad Bravo<br \/>6-parabien de la paloma &#8211; Rolando Alarcon<\/div>\n<div align=\"center\">7-decimas venezoelanas &#8211; Isabel Y Angel Parra<\/div>\n<div align=\"center\">8-rin del angelito &#8211; Violeta Parra<\/div>\n<div align=\"center\">9-cerrito de santa cruz &#8211; Las Cuatro Brujas<\/div>\n<div align=\"center\">10-te recuerdo amanda &#8211; Victor Jara<\/div>\n<div align=\"center\">11-peguche tiu &#8211; Jatari<\/div>\n<div align=\"center\">12-vienteuno son los dolores &#8211; Tita Parra<\/div>\n<div align=\"center\">13-luchin &#8211; Inti-Illimani<\/div>\n<div align=\"center\">14-mi nino nino &#8211; Amparo Ochoa<\/div>\n<div align=\"center\">15-america &#8211; Pablo Neruda Y Grupo Aparcoa<\/div>\n<div align=\"center\"><\/div>\n<div align=\"center\"><\/div>\n<div align=\"center\"><\/div>\n<div align=\"center\"> <\/div>\n","protected":false},"excerpt":{"rendered":"<p>Mais uma super colet\u00e2nea da m\u00fasica tradicional latino-americana. Este \u00e1lbum foi editado pelo selo Band Discos, um dos poucos que se dedicou a divulga\u00e7\u00e3o da m\u00fasica folcl\u00f3rica sulamericana nos anos 70 e 80 no Brasil. Muitos desses artistas, durante o &hellip; <a href=\"https:\/\/www.toque-musicall.com\/?p=1904\">Continue lendo <span class=\"meta-nav\">&rarr;<\/span><\/a><\/p>\n","protected":false},"author":1,"featured_media":0,"comment_status":"open","ping_status":"closed","sticky":false,"template":"","format":"standard","meta":{"footnotes":""},"categories":[1832,1303],"tags":[],"class_list":["post-1904","post","type-post","status-publish","format-standard","hentry","category-america-do-sol","category-variados"],"_links":{"self":[{"href":"https:\/\/www.toque-musicall.com\/index.php?rest_route=\/wp\/v2\/posts\/1904","targetHints":{"allow":["GET"]}}],"collection":[{"href":"https:\/\/www.toque-musicall.com\/index.php?rest_route=\/wp\/v2\/posts"}],"about":[{"href":"https:\/\/www.toque-musicall.com\/index.php?rest_route=\/wp\/v2\/types\/post"}],"author":[{"embeddable":true,"href":"https:\/\/www.toque-musicall.com\/index.php?rest_route=\/wp\/v2\/users\/1"}],"replies":[{"embeddable":true,"href":"https:\/\/www.toque-musicall.com\/index.php?rest_route=%2Fwp%2Fv2%2Fcomments&post=1904"}],"version-history":[{"count":0,"href":"https:\/\/www.toque-musicall.com\/index.php?rest_route=\/wp\/v2\/posts\/1904\/revisions"}],"wp:attachment":[{"href":"https:\/\/www.toque-musicall.com\/index.php?rest_route=%2Fwp%2Fv2%2Fmedia&parent=1904"}],"wp:term":[{"taxonomy":"category","embeddable":true,"href":"https:\/\/www.toque-musicall.com\/index.php?rest_route=%2Fwp%2Fv2%2Fcategories&post=1904"},{"taxonomy":"post_tag","embeddable":true,"href":"https:\/\/www.toque-musicall.com\/index.php?rest_route=%2Fwp%2Fv2%2Ftags&post=1904"}],"curies":[{"name":"wp","href":"https:\/\/api.w.org\/{rel}","templated":true}]}}