{"id":1905,"date":"2007-11-16T19:19:00","date_gmt":"2007-11-16T19:19:00","guid":{"rendered":"http:\/\/www.toque-musicall.com\/?p=1905"},"modified":"2007-11-16T19:19:00","modified_gmt":"2007-11-16T19:19:00","slug":"isabel-parra-de-aqui-y-de-alla-1971","status":"publish","type":"post","link":"https:\/\/www.toque-musicall.com\/?p=1905","title":{"rendered":"Isabel Parra &#8211; De Aqui Y De Alla (1971)"},"content":{"rendered":"<p><a href=\"http:\/\/2.bp.blogspot.com\/_DSKVEvHtskc\/Rz3u5zmPzoI\/AAAAAAAAAyI\/tXyMB-fWX8M\/s1600-h\/ISABEL.jpg\"><img decoding=\"async\" id=\"BLOGGER_PHOTO_ID_5133521827142815362\" style=\"DISPLAY: block; MARGIN: 0px auto 10px; CURSOR: hand; TEXT-ALIGN: center\" alt=\"\" src=\"http:\/\/2.bp.blogspot.com\/_DSKVEvHtskc\/Rz3u5zmPzoI\/AAAAAAAAAyI\/tXyMB-fWX8M\/s400\/ISABEL.jpg\" border=\"0\" \/><\/a>Como dizem, &#8220;filho de peixe, peixinho \u00e9&#8221;. Aqui temos agora outro grande nome do cl\u00e3 dos Parra, Isabel, filha deVioleta. Desde de cedo acompanhou os passos de sua m\u00e3e, cantando em diversos lugares de Santiago. Foi em Paris que ela come\u00e7ou realmente sua carreira como cantora folcl\u00f3rica ao lado do irm\u00e3o Angel. No final dos anos 60 ela j\u00e1 era uma artista celebrada interancionalmente.Participou do movimento neo-folclorista chileno, mas seu trabalho art\u00edstico ia muito al\u00e9m. Foi uma das figuras mais destacadas no movimento &#8220;Nueva Canci\u00f3n Chilena&#8221; Ap\u00f3s o golpe de Pinochet, ela partiu para o ex\u00edlio na Fran\u00e7a e depois foi para a Argentina. S\u00f3 voltou ao seu pa\u00eds no final dos anos 80. Para o nosso toque musical eu escolhi este \u00e1lbum que entre outros maravilhosos de Isabel \u00e9 o que registra sua experi\u00eancia em Cuba e seu encontro com Silvio Rodriguez. O disco se divide entre a m\u00fasica chilena e cubana (com o apoio incondicional de Victor Jara). Maravilhoso!<\/p>\n<div align=\"center\">01. &#8211; P\u00f3ngale El Hombro, M&#8217;hijito &#8211; 2:15&#8243;<br \/>02. &#8211; El Encuentro &#8211; 3:41&#8243;<br \/>03. &#8211; Solitario Solo &#8211; 3:19&#8243;<br \/>04. &#8211; A Que No Divina &#8211; 2:20&#8243;<br \/>05. &#8211; D\u00e9me Su Voz, D\u00e9me Su Mano &#8211; 3:13&#8243;<br \/>06. &#8211; La Compa\u00f1era Rescatable (Versi\u00f3n Con Los Jaivas) &#8211; 3:16&#8243;<br \/>07. &#8211; Son De La Loma (Con Horacio Salinas) &#8211; 2:58&#8243;<br \/>08. &#8211; El Rey De Las Flores &#8211; 2:03&#8243;<br \/>09. &#8211; Como En Vietnam &#8211; 1:42&#8243;<br \/>10. &#8211; Lo Que Quisiste Ser &#8211; 3:52&#8243;<br \/>11. &#8211; Perla Marina &#8211; 3:17&#8243;<br \/>12. &#8211; Al Final De Este Viaje &#8211; 3:03&#8243;<\/div>\n<div align=\"center\"><\/div>\n<div align=\"center\"><\/div>\n","protected":false},"excerpt":{"rendered":"<p>Como dizem, &#8220;filho de peixe, peixinho \u00e9&#8221;. Aqui temos agora outro grande nome do cl\u00e3 dos Parra, Isabel, filha deVioleta. Desde de cedo acompanhou os passos de sua m\u00e3e, cantando em diversos lugares de Santiago. Foi em Paris que ela &hellip; <a href=\"https:\/\/www.toque-musicall.com\/?p=1905\">Continue lendo <span class=\"meta-nav\">&rarr;<\/span><\/a><\/p>\n","protected":false},"author":1,"featured_media":0,"comment_status":"open","ping_status":"closed","sticky":false,"template":"","format":"standard","meta":{"footnotes":""},"categories":[1833],"tags":[],"class_list":["post-1905","post","type-post","status-publish","format-standard","hentry","category-isabel-parra"],"_links":{"self":[{"href":"https:\/\/www.toque-musicall.com\/index.php?rest_route=\/wp\/v2\/posts\/1905","targetHints":{"allow":["GET"]}}],"collection":[{"href":"https:\/\/www.toque-musicall.com\/index.php?rest_route=\/wp\/v2\/posts"}],"about":[{"href":"https:\/\/www.toque-musicall.com\/index.php?rest_route=\/wp\/v2\/types\/post"}],"author":[{"embeddable":true,"href":"https:\/\/www.toque-musicall.com\/index.php?rest_route=\/wp\/v2\/users\/1"}],"replies":[{"embeddable":true,"href":"https:\/\/www.toque-musicall.com\/index.php?rest_route=%2Fwp%2Fv2%2Fcomments&post=1905"}],"version-history":[{"count":0,"href":"https:\/\/www.toque-musicall.com\/index.php?rest_route=\/wp\/v2\/posts\/1905\/revisions"}],"wp:attachment":[{"href":"https:\/\/www.toque-musicall.com\/index.php?rest_route=%2Fwp%2Fv2%2Fmedia&parent=1905"}],"wp:term":[{"taxonomy":"category","embeddable":true,"href":"https:\/\/www.toque-musicall.com\/index.php?rest_route=%2Fwp%2Fv2%2Fcategories&post=1905"},{"taxonomy":"post_tag","embeddable":true,"href":"https:\/\/www.toque-musicall.com\/index.php?rest_route=%2Fwp%2Fv2%2Ftags&post=1905"}],"curies":[{"name":"wp","href":"https:\/\/api.w.org\/{rel}","templated":true}]}}