{"id":1907,"date":"2007-11-15T19:41:00","date_gmt":"2007-11-15T19:41:00","guid":{"rendered":"http:\/\/www.toque-musicall.com\/?p=1907"},"modified":"2007-11-15T19:41:00","modified_gmt":"2007-11-15T19:41:00","slug":"victor-jara-canto-libre-1970","status":"publish","type":"post","link":"https:\/\/www.toque-musicall.com\/?p=1907","title":{"rendered":"Victor Jara &#8211; Canto Libre (1970)"},"content":{"rendered":"<p><a href=\"http:\/\/3.bp.blogspot.com\/_DSKVEvHtskc\/StPcuc2gEeI\/AAAAAAAAFek\/cADRnn48Pjg\/s1600-h\/70canto.jpg\" style=\"text-decoration: none;\"><img decoding=\"async\" style=\"display:block; margin:0px auto 10px; text-align:center;cursor:pointer; cursor:hand;width: 400px; height: 400px;\" src=\"http:\/\/3.bp.blogspot.com\/_DSKVEvHtskc\/StPcuc2gEeI\/AAAAAAAAFek\/cADRnn48Pjg\/s400\/70canto.jpg\" border=\"0\" alt=\"\" id=\"BLOGGER_PHOTO_ID_5391895869469495778\" \/><\/a><img decoding=\"async\" src=\"http:\/\/3.bp.blogspot.com\/_DSKVEvHtskc\/StPbzLvhGnI\/AAAAAAAAFec\/bbjHafZV9Hk\/s200\/portada.jpg\" style=\"float:left; margin:0 10px 10px 0;cursor:pointer; cursor:hand;width: 200px; height: 199px;\" border=\"0\" alt=\"\" id=\"BLOGGER_PHOTO_ID_5391894851264518770\" \/>Vamos mais uma vez com este excepcional artista chileno. Aqui temos &#8220;Canto Libre&#8221;, gravado em 70 e mais o o Volume 2. Esta edi\u00e7\u00e3o foi lan\u00e7ada em 1993 pelo selo Monitor para o mercado internacional. Est\u00e3o assim reunidos dois \u00e1lbuns com o mesmo nome. Isso sim \u00e9 que \u00e9 um toque musical!<\/p>\n<div align=\"center\">inga<\/div>\n<div align=\"center\">canci\u00f3n del \u00e1rbol del olvido<\/div>\n<div align=\"center\">la pala<\/div>\n<div align=\"center\">lamento borincano<\/div>\n<div align=\"center\">vetolera<\/div>\n<div align=\"center\">el tinku<\/div>\n<div align=\"center\">angelita huenum\u00e1n<\/div>\n<div align=\"center\">corrido de pancho villa<\/div>\n<div align=\"center\">caminando, caminando<\/div>\n<div align=\"center\">qui\u00e9n mat\u00f3 a carmencita<\/div>\n<div align=\"center\">canto libre<\/div>\n<div align=\"center\">+<\/div>\n<div align=\"center\">el aparecido<\/div>\n<div align=\"center\">el lazo<\/div>\n<div align=\"center\">que alegres son las obreras<\/div>\n<div align=\"center\">despedimiento del angelito<\/div>\n<div align=\"center\">solo<\/div>\n<div align=\"center\">ay mi palomita<\/div>\n<div align=\"center\">asi como hoy mantn negros<\/div>\n<div align=\"center\">el amor es un camino que de repente aparece<\/div>\n<div align=\"center\">casi, casi<\/div>\n<div align=\"center\">cancion de cuna para un nino vago<\/div>\n<div align=\"center\">romance del enamorado y de la muerte<\/div>\n<div align=\"center\">en algun lugar del puerto<\/div>\n<div align=\"center\"><\/div>\n<div align=\"center\"><\/div>\n<p><a href=\"http:\/\/www.gigasize.com\/get.php\/3195985421\/1_-_Victor_Jara_-_Canto_Libre_-_1970_%5B176k_vbr%5D.rar\"><\/a><\/p>\n","protected":false},"excerpt":{"rendered":"<p>Vamos mais uma vez com este excepcional artista chileno. Aqui temos &#8220;Canto Libre&#8221;, gravado em 70 e mais o o Volume 2. Esta edi\u00e7\u00e3o foi lan\u00e7ada em 1993 pelo selo Monitor para o mercado internacional. Est\u00e3o assim reunidos dois \u00e1lbuns &hellip; <a href=\"https:\/\/www.toque-musicall.com\/?p=1907\">Continue lendo <span class=\"meta-nav\">&rarr;<\/span><\/a><\/p>\n","protected":false},"author":1,"featured_media":0,"comment_status":"open","ping_status":"closed","sticky":false,"template":"","format":"standard","meta":{"footnotes":""},"categories":[1835],"tags":[],"class_list":["post-1907","post","type-post","status-publish","format-standard","hentry","category-victor-jara"],"_links":{"self":[{"href":"https:\/\/www.toque-musicall.com\/index.php?rest_route=\/wp\/v2\/posts\/1907","targetHints":{"allow":["GET"]}}],"collection":[{"href":"https:\/\/www.toque-musicall.com\/index.php?rest_route=\/wp\/v2\/posts"}],"about":[{"href":"https:\/\/www.toque-musicall.com\/index.php?rest_route=\/wp\/v2\/types\/post"}],"author":[{"embeddable":true,"href":"https:\/\/www.toque-musicall.com\/index.php?rest_route=\/wp\/v2\/users\/1"}],"replies":[{"embeddable":true,"href":"https:\/\/www.toque-musicall.com\/index.php?rest_route=%2Fwp%2Fv2%2Fcomments&post=1907"}],"version-history":[{"count":0,"href":"https:\/\/www.toque-musicall.com\/index.php?rest_route=\/wp\/v2\/posts\/1907\/revisions"}],"wp:attachment":[{"href":"https:\/\/www.toque-musicall.com\/index.php?rest_route=%2Fwp%2Fv2%2Fmedia&parent=1907"}],"wp:term":[{"taxonomy":"category","embeddable":true,"href":"https:\/\/www.toque-musicall.com\/index.php?rest_route=%2Fwp%2Fv2%2Fcategories&post=1907"},{"taxonomy":"post_tag","embeddable":true,"href":"https:\/\/www.toque-musicall.com\/index.php?rest_route=%2Fwp%2Fv2%2Ftags&post=1907"}],"curies":[{"name":"wp","href":"https:\/\/api.w.org\/{rel}","templated":true}]}}