{"id":1908,"date":"2007-11-15T12:33:00","date_gmt":"2007-11-15T12:33:00","guid":{"rendered":"http:\/\/www.toque-musicall.com\/?p=1908"},"modified":"2007-11-15T12:33:00","modified_gmt":"2007-11-15T12:33:00","slug":"amerindios-1970","status":"publish","type":"post","link":"https:\/\/www.toque-musicall.com\/?p=1908","title":{"rendered":"Amerindios (1970)"},"content":{"rendered":"<p><a href=\"http:\/\/4.bp.blogspot.com\/_DSKVEvHtskc\/RzxFxjmPzlI\/AAAAAAAAAxw\/5RpTeVH1LzM\/s1600-h\/Amerindios.jpg\"><img decoding=\"async\" id=\"BLOGGER_PHOTO_ID_5133054392967089746\" style=\"DISPLAY: block; MARGIN: 0px auto 10px; CURSOR: hand; TEXT-ALIGN: center\" alt=\"\" src=\"http:\/\/4.bp.blogspot.com\/_DSKVEvHtskc\/RzxFxjmPzlI\/AAAAAAAAAxw\/5RpTeVH1LzM\/s400\/Amerindios.jpg\" border=\"0\" \/><\/a> Apresento agora este duo, os Amerindios, formado pelos antrop\u00f3logo Julio Numhauser e o soci\u00f3logo Mario Salazar. Eles come\u00e7aram se apresentado por volta de 1969 ao lado do grupo de Ernesto Parra. Depois se tornaram uma dupla, trabalhando em conjunto com um grupo teatral Aleph, percorrendo todo o Chile com um projeto chamado &#8220;Tren de la Cultura&#8217; &#8211; levando arte para os lugares mais remotos do pa\u00eds. A m\u00fasica dos Amerindios busca a inova\u00e7\u00e3o da can\u00e7\u00e3o chilena. Dessa forma, incorporam instrumentos eletr\u00f4nicos mesclado aos ritmos folcl\u00f3ricos. As letras de cunho social e pol\u00edtico apontam para o que acontece no Chile e no mundo. Este disco pertence \u00e0 s\u00e9rie do emblem\u00e1tico selo Dicap (Discoteca del Cantar Popular), criando em 1968 por iniciativa grupo de Cultura da Juventude Comunista do Chile. Destaque para &#8220;Nixon&#8221; de Sergio Ortega e &#8220;Disparada&#8221; de Geraldo Vandr\u00e9. Vale uma conferida&#8230;<\/p>\n<div align=\"center\">1. Nixon (Sergio Ortega)<\/div>\n<div align=\"center\">2. Una vez un yankee yo encontr\u00e9 (S. Ortega)<\/div>\n<div align=\"center\">3. Los vietnamitas (Carlos Puebla \u2013 Amerindios)<\/div>\n<div align=\"center\">4. Sr. Juez (Amerindios)<\/div>\n<div align=\"center\">5. \u00a1Ach\u00eds! \u00a1Ach\u00eds! Qu\u00e9 catarro (Amerindios)<\/div>\n<div align=\"center\">6. La disparada (Amerindios \u2013 G. Vandr\u00e9)<\/div>\n<div align=\"center\">7. Juan Verdejo (R. Figueroa &#8211; Amerindios)<\/div>\n<div align=\"center\">8. Mentiras s\u00f3lo mentiras (Amerindios)<\/div>\n<div align=\"center\">9. Sembrador de lunas (B. Dewers \u2013 Amerindios)<\/div>\n<div align=\"center\">10. Como un \u00e1rbol (Amerindios)<\/div>\n<div align=\"center\">11. Mes de volantines (Amerindios)<\/div>\n<div align=\"center\">12. Blanco, rojo y azul (Amerindios)<\/div>\n<div align=\"center\"><\/div>\n<div align=\"center\"><\/div>\n","protected":false},"excerpt":{"rendered":"<p>Apresento agora este duo, os Amerindios, formado pelos antrop\u00f3logo Julio Numhauser e o soci\u00f3logo Mario Salazar. Eles come\u00e7aram se apresentado por volta de 1969 ao lado do grupo de Ernesto Parra. Depois se tornaram uma dupla, trabalhando em conjunto com &hellip; <a href=\"https:\/\/www.toque-musicall.com\/?p=1908\">Continue lendo <span class=\"meta-nav\">&rarr;<\/span><\/a><\/p>\n","protected":false},"author":1,"featured_media":0,"comment_status":"open","ping_status":"closed","sticky":false,"template":"","format":"standard","meta":{"footnotes":""},"categories":[1836],"tags":[],"class_list":["post-1908","post","type-post","status-publish","format-standard","hentry","category-amerindios"],"_links":{"self":[{"href":"https:\/\/www.toque-musicall.com\/index.php?rest_route=\/wp\/v2\/posts\/1908","targetHints":{"allow":["GET"]}}],"collection":[{"href":"https:\/\/www.toque-musicall.com\/index.php?rest_route=\/wp\/v2\/posts"}],"about":[{"href":"https:\/\/www.toque-musicall.com\/index.php?rest_route=\/wp\/v2\/types\/post"}],"author":[{"embeddable":true,"href":"https:\/\/www.toque-musicall.com\/index.php?rest_route=\/wp\/v2\/users\/1"}],"replies":[{"embeddable":true,"href":"https:\/\/www.toque-musicall.com\/index.php?rest_route=%2Fwp%2Fv2%2Fcomments&post=1908"}],"version-history":[{"count":0,"href":"https:\/\/www.toque-musicall.com\/index.php?rest_route=\/wp\/v2\/posts\/1908\/revisions"}],"wp:attachment":[{"href":"https:\/\/www.toque-musicall.com\/index.php?rest_route=%2Fwp%2Fv2%2Fmedia&parent=1908"}],"wp:term":[{"taxonomy":"category","embeddable":true,"href":"https:\/\/www.toque-musicall.com\/index.php?rest_route=%2Fwp%2Fv2%2Fcategories&post=1908"},{"taxonomy":"post_tag","embeddable":true,"href":"https:\/\/www.toque-musicall.com\/index.php?rest_route=%2Fwp%2Fv2%2Ftags&post=1908"}],"curies":[{"name":"wp","href":"https:\/\/api.w.org\/{rel}","templated":true}]}}