{"id":1909,"date":"2007-11-14T13:46:00","date_gmt":"2007-11-14T13:46:00","guid":{"rendered":"http:\/\/www.toque-musicall.com\/?p=1909"},"modified":"2007-11-14T13:46:00","modified_gmt":"2007-11-14T13:46:00","slug":"nueva-cancion-de-chile-1978","status":"publish","type":"post","link":"https:\/\/www.toque-musicall.com\/?p=1909","title":{"rendered":"Nueva Cancion de Chile (1978)"},"content":{"rendered":"<div align=\"center\"><a href=\"http:\/\/4.bp.blogspot.com\/_DSKVEvHtskc\/Rzr80Z4WWsI\/AAAAAAAAAxo\/xFiS42VEl78\/s1600-h\/DSCN9930.JPG\"><img decoding=\"async\" id=\"BLOGGER_PHOTO_ID_5132692702572731074\" style=\"DISPLAY: block; MARGIN: 0px auto 10px; CURSOR: hand; TEXT-ALIGN: center\" alt=\"\" src=\"http:\/\/4.bp.blogspot.com\/_DSKVEvHtskc\/Rzr80Z4WWsI\/AAAAAAAAAxo\/xFiS42VEl78\/s400\/DSCN9930.JPG\" border=\"0\" \/><\/a><\/div>\n<div align=\"left\">Aqui vai uma colet\u00e2nea como uma amostra do que foi o movimento Nueva Canci\u00f3n do Chile. <\/div>\n<div align=\"left\">Segundo alguns, este movimento musical surgiu no Chile, se espalhando rapidamente por toda a America Latina. Um m\u00fasica de cunho pol\u00edtico e social. Que criticava as ditaduras e o imperialismo e enaltecendo os valores tradicionais e folcl\u00f3ricos.<\/div>\n<div align=\"left\"><\/div>\n<div align=\"left\"> <\/div>\n<div align=\"center\"> 1-caliche &#8211; los curacas<\/div>\n<div align=\"center\">2-america novia mia &#8211; patricio manns<br \/>3-si vas para chile &#8211; los cuatro cuartos<\/div>\n<div align=\"center\">4-acuarel andina &#8211; illapu<\/div>\n<div align=\"center\">5-casamiento de negros &#8211; violeta parra<\/div>\n<div align=\"center\">6-mi patria &#8211; quilapayun<\/div>\n<div align=\"center\">7-a los cantores del mondo &#8211; tita parra<\/div>\n<div align=\"center\">8-alturas &#8211; inti-ullimani<\/div>\n<div align=\"center\">9-el cigarrito &#8211; angel parra<\/div>\n<div align=\"center\">10-canto libre &#8211; victor jara<\/div>\n<div align=\"center\">11-el pueblo &#8211; aparcoa<\/div>\n<div align=\"center\">12-los pueblos americanos &#8211; isabel parra y patriciocastillo<\/div>\n<div align=\"center\"><\/div>\n<div align=\"center\"><\/div>\n<div align=\"center\"><a href=\"http:\/\/www.mediafire.com\/?5xx5dhegjzm\"><\/a> <\/div>\n","protected":false},"excerpt":{"rendered":"<p>Aqui vai uma colet\u00e2nea como uma amostra do que foi o movimento Nueva Canci\u00f3n do Chile. Segundo alguns, este movimento musical surgiu no Chile, se espalhando rapidamente por toda a America Latina. Um m\u00fasica de cunho pol\u00edtico e social. Que &hellip; <a href=\"https:\/\/www.toque-musicall.com\/?p=1909\">Continue lendo <span class=\"meta-nav\">&rarr;<\/span><\/a><\/p>\n","protected":false},"author":1,"featured_media":0,"comment_status":"open","ping_status":"closed","sticky":false,"template":"","format":"standard","meta":{"footnotes":""},"categories":[1837,1303],"tags":[],"class_list":["post-1909","post","type-post","status-publish","format-standard","hentry","category-nueva-cancion-de-chile","category-variados"],"_links":{"self":[{"href":"https:\/\/www.toque-musicall.com\/index.php?rest_route=\/wp\/v2\/posts\/1909","targetHints":{"allow":["GET"]}}],"collection":[{"href":"https:\/\/www.toque-musicall.com\/index.php?rest_route=\/wp\/v2\/posts"}],"about":[{"href":"https:\/\/www.toque-musicall.com\/index.php?rest_route=\/wp\/v2\/types\/post"}],"author":[{"embeddable":true,"href":"https:\/\/www.toque-musicall.com\/index.php?rest_route=\/wp\/v2\/users\/1"}],"replies":[{"embeddable":true,"href":"https:\/\/www.toque-musicall.com\/index.php?rest_route=%2Fwp%2Fv2%2Fcomments&post=1909"}],"version-history":[{"count":0,"href":"https:\/\/www.toque-musicall.com\/index.php?rest_route=\/wp\/v2\/posts\/1909\/revisions"}],"wp:attachment":[{"href":"https:\/\/www.toque-musicall.com\/index.php?rest_route=%2Fwp%2Fv2%2Fmedia&parent=1909"}],"wp:term":[{"taxonomy":"category","embeddable":true,"href":"https:\/\/www.toque-musicall.com\/index.php?rest_route=%2Fwp%2Fv2%2Fcategories&post=1909"},{"taxonomy":"post_tag","embeddable":true,"href":"https:\/\/www.toque-musicall.com\/index.php?rest_route=%2Fwp%2Fv2%2Ftags&post=1909"}],"curies":[{"name":"wp","href":"https:\/\/api.w.org\/{rel}","templated":true}]}}