{"id":1910,"date":"2007-11-14T13:29:00","date_gmt":"2007-11-14T13:29:00","guid":{"rendered":"http:\/\/www.toque-musicall.com\/?p=1910"},"modified":"2007-11-14T13:29:00","modified_gmt":"2007-11-14T13:29:00","slug":"los-jairas-folklore-bolivien-1969","status":"publish","type":"post","link":"https:\/\/www.toque-musicall.com\/?p=1910","title":{"rendered":"Los Jairas &#8211; Folklore Bolivien (1969)"},"content":{"rendered":"<div align=\"center\"><a href=\"http:\/\/1.bp.blogspot.com\/_DSKVEvHtskc\/Rzr6Wp4WWrI\/AAAAAAAAAxg\/WMa2IuSYaTc\/s1600-h\/los+jairas.jpg\"><img decoding=\"async\" id=\"BLOGGER_PHOTO_ID_5132689992448367282\" style=\"DISPLAY: block; MARGIN: 0px auto 10px; CURSOR: hand; TEXT-ALIGN: center\" alt=\"\" src=\"http:\/\/1.bp.blogspot.com\/_DSKVEvHtskc\/Rzr6Wp4WWrI\/AAAAAAAAAxg\/WMa2IuSYaTc\/s400\/los+jairas.jpg\" border=\"0\" \/><\/a><\/div>\n<div align=\"left\">Agora vamos para a Bol\u00edvia. Desta vez trago um dos grupos mais expressivos boliviano, conhecidos internacionalmente, Los Jairas. Em 1969 Los Jairas foram convidados pela Fundaci\u00f3n Pati\u00f1o para uma turn\u00ea pela Europa. Nesta ocasi\u00e3o decidiram mostrar algo mais a cerca da realidade boliviana e levaram tamb\u00e9m dan\u00e7as t\u00edpicas de v\u00e1rias regi\u00f5es do pa\u00eds. Com essa primeira experi\u00eancia pela Europa, Los Jairas foram se tornando conhecidos de um al\u00e9m da Am\u00e9rica (do Sul). Este disco sintetiza bem a cultura folcl\u00f3rica e musical da Bol\u00edvia. Um bom disco, vale o toque&#8230;<\/div>\n<div align=\"center\"><\/div>\n<div align=\"center\"><\/div>\n<div align=\"center\">01 &#8211; llanto del olvido<\/div>\n<div align=\"center\">02 &#8211; olv\u00eddate<\/div>\n<div align=\"center\">03 &#8211; sarjahuay<\/div>\n<div align=\"center\">04 &#8211; fiesta del tambo<\/div>\n<div align=\"center\">05- el cisne<\/div>\n<div align=\"center\">06 &#8211; cambita<\/div>\n<div align=\"center\">07 &#8211; juanito laguna<\/div>\n<div align=\"center\">08 &#8211; peque\u00f1o manuel<\/div>\n<div align=\"center\">09 &#8211; pasito del moreno<\/div>\n<div align=\"center\">10 &#8211; san benito<\/div>\n<div align=\"center\">11 &#8211; la chapaca<\/div>\n<div align=\"center\">12- romance de un charango<\/div>\n<div align=\"center\">13 &#8211; mi soledad<\/div>\n<div align=\"center\">14 &#8211; par par palomita<\/div>\n<div align=\"center\"><\/div>\n<div align=\"center\"><\/div>\n","protected":false},"excerpt":{"rendered":"<p>Agora vamos para a Bol\u00edvia. Desta vez trago um dos grupos mais expressivos boliviano, conhecidos internacionalmente, Los Jairas. Em 1969 Los Jairas foram convidados pela Fundaci\u00f3n Pati\u00f1o para uma turn\u00ea pela Europa. Nesta ocasi\u00e3o decidiram mostrar algo mais a cerca &hellip; <a href=\"https:\/\/www.toque-musicall.com\/?p=1910\">Continue lendo <span class=\"meta-nav\">&rarr;<\/span><\/a><\/p>\n","protected":false},"author":1,"featured_media":0,"comment_status":"open","ping_status":"closed","sticky":false,"template":"","format":"standard","meta":{"footnotes":""},"categories":[1838],"tags":[],"class_list":["post-1910","post","type-post","status-publish","format-standard","hentry","category-los-jairas"],"_links":{"self":[{"href":"https:\/\/www.toque-musicall.com\/index.php?rest_route=\/wp\/v2\/posts\/1910","targetHints":{"allow":["GET"]}}],"collection":[{"href":"https:\/\/www.toque-musicall.com\/index.php?rest_route=\/wp\/v2\/posts"}],"about":[{"href":"https:\/\/www.toque-musicall.com\/index.php?rest_route=\/wp\/v2\/types\/post"}],"author":[{"embeddable":true,"href":"https:\/\/www.toque-musicall.com\/index.php?rest_route=\/wp\/v2\/users\/1"}],"replies":[{"embeddable":true,"href":"https:\/\/www.toque-musicall.com\/index.php?rest_route=%2Fwp%2Fv2%2Fcomments&post=1910"}],"version-history":[{"count":0,"href":"https:\/\/www.toque-musicall.com\/index.php?rest_route=\/wp\/v2\/posts\/1910\/revisions"}],"wp:attachment":[{"href":"https:\/\/www.toque-musicall.com\/index.php?rest_route=%2Fwp%2Fv2%2Fmedia&parent=1910"}],"wp:term":[{"taxonomy":"category","embeddable":true,"href":"https:\/\/www.toque-musicall.com\/index.php?rest_route=%2Fwp%2Fv2%2Fcategories&post=1910"},{"taxonomy":"post_tag","embeddable":true,"href":"https:\/\/www.toque-musicall.com\/index.php?rest_route=%2Fwp%2Fv2%2Ftags&post=1910"}],"curies":[{"name":"wp","href":"https:\/\/api.w.org\/{rel}","templated":true}]}}