{"id":1914,"date":"2007-11-13T12:53:00","date_gmt":"2007-11-13T12:53:00","guid":{"rendered":"http:\/\/www.toque-musicall.com\/?p=1914"},"modified":"2007-11-13T12:53:00","modified_gmt":"2007-11-13T12:53:00","slug":"patricio-manns-1971","status":"publish","type":"post","link":"https:\/\/www.toque-musicall.com\/?p=1914","title":{"rendered":"Patricio Manns (1971)"},"content":{"rendered":"<p><img decoding=\"async\" style=\"TEXT-ALIGN: center; MARGIN: 0px auto 10px; DISPLAY: block; CURSOR: hand\" id=\"BLOGGER_PHOTO_ID_5132309238170586210\" border=\"0\" alt=\"\" src=\"http:\/\/4.bp.blogspot.com\/_DSKVEvHtskc\/RzmgD1qdDGI\/AAAAAAAAAxA\/rgkdp8LuqUI\/s400\/Patricio.jpg\" \/>Para n\u00e3o perdermos o rumo dos temas revolucion\u00e1rios, folcl\u00f3ricos e de protesto, vamos com mais um grande nome da m\u00fasica latino americana, Patr\u00edcio Manns. Pouco comentado, este artista vem do Chile. Patr\u00edcio foi por muitos anos colaborador da &#8220;Unidad Popular, que levou Salvador Allende \u00e0 presid\u00eancia no Chile. Com o golpe militar, foi para o ex\u00edlio, inicialmente em Cuba e depois na Europa. Durante todo esse tempo, mesmo longe da terra natal, sempre esteve atuante. Retornou ao Chile em 90.<br \/>Este disco foi produzido e dirigido por Luis Advis e conta com a participa\u00e7\u00e3o do Inti Illimani. Los Blops, Orquestra Sinf\u00f4nica do Chile e Orquestra Filarm\u00f4nica de Santigo. Belo trabalho, vale ouvir&#8230;<\/p>\n<div align=\"center\">edume<\/div>\n<div align=\"center\">canci\u00f3n para levantar una casa<\/div>\n<div align=\"center\">estaci\u00f3n terminal<\/div>\n<div align=\"center\">morimos solos<\/div>\n<div align=\"center\">el exiliado del sur<\/div>\n<div align=\"center\">su nombre ardi\u00f3 como un pajar<\/div>\n<div align=\"center\">fiesta<\/div>\n<div align=\"center\">tamara bunke<\/div>\n<div align=\"center\">no cierres los ojos<\/div>\n<div align=\"center\">el canto de los gallos<\/div>\n<div align=\"center\">la ventana<\/div>\n<div align=\"center\">valdivia em la niebla<\/div>\n<div align=\"center\"> <\/div>\n<div align=\"center\"> <\/div>\n","protected":false},"excerpt":{"rendered":"<p>Para n\u00e3o perdermos o rumo dos temas revolucion\u00e1rios, folcl\u00f3ricos e de protesto, vamos com mais um grande nome da m\u00fasica latino americana, Patr\u00edcio Manns. Pouco comentado, este artista vem do Chile. Patr\u00edcio foi por muitos anos colaborador da &#8220;Unidad Popular, &hellip; <a href=\"https:\/\/www.toque-musicall.com\/?p=1914\">Continue lendo <span class=\"meta-nav\">&rarr;<\/span><\/a><\/p>\n","protected":false},"author":1,"featured_media":0,"comment_status":"open","ping_status":"closed","sticky":false,"template":"","format":"standard","meta":{"footnotes":""},"categories":[1840],"tags":[],"class_list":["post-1914","post","type-post","status-publish","format-standard","hentry","category-patricio-manns"],"_links":{"self":[{"href":"https:\/\/www.toque-musicall.com\/index.php?rest_route=\/wp\/v2\/posts\/1914","targetHints":{"allow":["GET"]}}],"collection":[{"href":"https:\/\/www.toque-musicall.com\/index.php?rest_route=\/wp\/v2\/posts"}],"about":[{"href":"https:\/\/www.toque-musicall.com\/index.php?rest_route=\/wp\/v2\/types\/post"}],"author":[{"embeddable":true,"href":"https:\/\/www.toque-musicall.com\/index.php?rest_route=\/wp\/v2\/users\/1"}],"replies":[{"embeddable":true,"href":"https:\/\/www.toque-musicall.com\/index.php?rest_route=%2Fwp%2Fv2%2Fcomments&post=1914"}],"version-history":[{"count":0,"href":"https:\/\/www.toque-musicall.com\/index.php?rest_route=\/wp\/v2\/posts\/1914\/revisions"}],"wp:attachment":[{"href":"https:\/\/www.toque-musicall.com\/index.php?rest_route=%2Fwp%2Fv2%2Fmedia&parent=1914"}],"wp:term":[{"taxonomy":"category","embeddable":true,"href":"https:\/\/www.toque-musicall.com\/index.php?rest_route=%2Fwp%2Fv2%2Fcategories&post=1914"},{"taxonomy":"post_tag","embeddable":true,"href":"https:\/\/www.toque-musicall.com\/index.php?rest_route=%2Fwp%2Fv2%2Ftags&post=1914"}],"curies":[{"name":"wp","href":"https:\/\/api.w.org\/{rel}","templated":true}]}}