{"id":1915,"date":"2007-11-12T14:03:00","date_gmt":"2007-11-12T14:03:00","guid":{"rendered":"http:\/\/www.toque-musicall.com\/?p=1915"},"modified":"2007-11-12T14:03:00","modified_gmt":"2007-11-12T14:03:00","slug":"eugenia-melo-e-castro-1986","status":"publish","type":"post","link":"https:\/\/www.toque-musicall.com\/?p=1915","title":{"rendered":"Eug\u00e9nia Melo E Castro (1986)"},"content":{"rendered":"<p><a href=\"http:\/\/4.bp.blogspot.com\/_DSKVEvHtskc\/RziE1FqdDFI\/AAAAAAAAAw4\/VtksdleMC94\/s1600-h\/eugenia+melo+e+castro+ff.JPG\"><img decoding=\"async\" style=\"TEXT-ALIGN: center; MARGIN: 0px auto 10px; DISPLAY: block; CURSOR: hand\" id=\"BLOGGER_PHOTO_ID_5131997822976855122\" border=\"0\" alt=\"\" src=\"http:\/\/4.bp.blogspot.com\/_DSKVEvHtskc\/RziE1FqdDFI\/AAAAAAAAAw4\/VtksdleMC94\/s400\/eugenia+melo+e+castro+ff.JPG\" \/><\/a> Confesso que este disco, na \u00e9poca, eu comprei mais pela capa. Essa mo\u00e7a linda me chamou a aten\u00e7\u00e3o. Ao virar a contra-capa tive ent\u00e3o certeza de que o compraria. O \u00e1lbum trazia oito faixas, algumas assinadas por ela e parcerias como Caetano Veloso, Toninho Horta e Francis Hime, al\u00e9m de composi\u00e7\u00f5es de Milton Nascimento, Wagner Tiso, entre outros&#8230; Ao ouvir o disco percebi que n\u00e3o se tratava apenas de mais uma cara bonita. Competente cantora e compositora vinda l\u00e1 de Portugal. Eug\u00e9nia Melo e Castro \u00e9 hoje um nome respeitad\u00edssimo, tanto aqui quanto por l\u00e1. Sua rela\u00e7\u00e3o com a m\u00fasica brasileira \u00e9 muito forte, coisa que se pode ver tamb\u00e9m em seu outros trabalhos. Linda Eug\u00e9nia, linda de se ouvir.<\/p>\n<div align=\"center\"><span style=\"color:#cccccc;\">meu e assim<br \/>velho mar<\/span><\/div>\n<div align=\"center\"><span style=\"color:#cccccc;\">caso de amor<br \/>a cor do ar<br \/>m\u00e1gicamente<br \/>que amor n\u00e3o me engana<br \/>cobra aranha<br \/>vaga no azul<\/span><\/div>\n<div align=\"center\"><\/div>\n","protected":false},"excerpt":{"rendered":"<p>Confesso que este disco, na \u00e9poca, eu comprei mais pela capa. Essa mo\u00e7a linda me chamou a aten\u00e7\u00e3o. Ao virar a contra-capa tive ent\u00e3o certeza de que o compraria. O \u00e1lbum trazia oito faixas, algumas assinadas por ela e parcerias &hellip; <a href=\"https:\/\/www.toque-musicall.com\/?p=1915\">Continue lendo <span class=\"meta-nav\">&rarr;<\/span><\/a><\/p>\n","protected":false},"author":1,"featured_media":0,"comment_status":"open","ping_status":"closed","sticky":false,"template":"","format":"standard","meta":{"footnotes":""},"categories":[1564],"tags":[],"class_list":["post-1915","post","type-post","status-publish","format-standard","hentry","category-eugenia-melo-e-castro"],"_links":{"self":[{"href":"https:\/\/www.toque-musicall.com\/index.php?rest_route=\/wp\/v2\/posts\/1915","targetHints":{"allow":["GET"]}}],"collection":[{"href":"https:\/\/www.toque-musicall.com\/index.php?rest_route=\/wp\/v2\/posts"}],"about":[{"href":"https:\/\/www.toque-musicall.com\/index.php?rest_route=\/wp\/v2\/types\/post"}],"author":[{"embeddable":true,"href":"https:\/\/www.toque-musicall.com\/index.php?rest_route=\/wp\/v2\/users\/1"}],"replies":[{"embeddable":true,"href":"https:\/\/www.toque-musicall.com\/index.php?rest_route=%2Fwp%2Fv2%2Fcomments&post=1915"}],"version-history":[{"count":0,"href":"https:\/\/www.toque-musicall.com\/index.php?rest_route=\/wp\/v2\/posts\/1915\/revisions"}],"wp:attachment":[{"href":"https:\/\/www.toque-musicall.com\/index.php?rest_route=%2Fwp%2Fv2%2Fmedia&parent=1915"}],"wp:term":[{"taxonomy":"category","embeddable":true,"href":"https:\/\/www.toque-musicall.com\/index.php?rest_route=%2Fwp%2Fv2%2Fcategories&post=1915"},{"taxonomy":"post_tag","embeddable":true,"href":"https:\/\/www.toque-musicall.com\/index.php?rest_route=%2Fwp%2Fv2%2Ftags&post=1915"}],"curies":[{"name":"wp","href":"https:\/\/api.w.org\/{rel}","templated":true}]}}